{"id":85071,"date":"2025-04-21T06:17:05","date_gmt":"2025-04-21T12:17:05","guid":{"rendered":"https:\/\/elmodo.mx\/?p=85071"},"modified":"2025-04-21T11:30:15","modified_gmt":"2025-04-21T17:30:15","slug":"percepcion-incrementada","status":"publish","type":"post","link":"https:\/\/elmodo.mx\/en\/blog\/percepcion-incrementada\/","title":{"rendered":"Percepci\u00f3n Incrementada"},"content":{"rendered":"<div class=\"wpb-content-wrapper\">[vc_row][vc_column width=&#8221;1\/2&#8243;][gsf_gallery layout_style=&#8221;thumbnail&#8221; columns=&#8221;3&#8243; columns_md=&#8221;2&#8243; columns_sm=&#8221;2&#8243; columns_xs=&#8221;1&#8243; columns_mb=&#8221;1&#8243; el_class=&#8221;&#8221; images=&#8221;85072,85084,85074,85076,85078,85080,85082&#8243;][\/vc_column][vc_column width=&#8221;1\/2&#8243;][gsf_heading title_font_size=&#8221;48&#8243; sub_title_font_size=&#8221;14&#8243; text_align=&#8221;text-left&#8221; el_class=&#8221;&#8221;]El ejercicio fotogr\u00e1fico y colectivo <em>Percepci\u00f3n Incrementada<\/em> es el resultado de un ambicioso proyecto donde, a partir de la interpretaci\u00f3n de fotos hechas con una c\u00e1mara instant\u00e1nea, las y los asistentes al taller de arte en Tepepan y Cevarepsi volcaron sus ideas sobre la imagen fotogr\u00e1fica a partir de una t\u00e9cnica casi olvidada y hoy obsoleta: la fotograf\u00eda instant\u00e1nea.<\/p>\n<p>&nbsp;<\/p>\n<p>Para muchos, el simple hecho de haber sostenido una c\u00e1mara por primera vez signific\u00f3 un hecho trascendente, tanto por la planeaci\u00f3n de la imagen a ser fotografiada, as\u00ed como por la <em>magia <\/em>de obtener una imagen al instante. Lo que emana de este ejercicio queda inscrito en la dimensi\u00f3n de la formaci\u00f3n art\u00edstica a partir del empleo de la c\u00e1mara, un instrumento parcialmente restringido en un espacio de reclusi\u00f3n.<\/p>\n<p>&nbsp;<\/p>\n<p>La interpretaci\u00f3n de una imagen depende de c\u00f3mo se percibe el entorno y de c\u00f3mo aquello llamado realidad inmediata queda filtrado a trav\u00e9s del ojo mec\u00e1nico de la c\u00e1mara y plasmado sobre una superficie. Estas im\u00e1genes son un pretexto l\u00fadico que nos da la oportunidad de conocer y tratar de entender a cada uno de sus autores.<\/p>\n<p>&nbsp;<\/p>\n<p>Las c\u00e1maras y rollos de pel\u00edcula que acompa\u00f1an la obra son objetos que funcionan como portadores de memorias y sirven como una ventana hacia un pasado en el que la fotograf\u00eda no solo era una herramienta para captar la realidad, sino tambi\u00e9n una forma de experimentar el pensamiento incrementado y el espacio de una manera paralela.[\/gsf_heading][\/vc_column][\/vc_row]<\/p><\/div>\n","protected":false},"excerpt":{"rendered":"<p>El ejercicio fotogr\u00e1fico y colectivo Percepci\u00f3n Incrementada es el resultado de un ambicioso proyecto donde, a partir de la interpretaci\u00f3n de fotos hechas con una c\u00e1mara instant\u00e1nea, las y los asistentes al taller de arte en Tepepan y Cevarepsi&#8230;<\/p>\n","protected":false},"author":2,"featured_media":85072,"comment_status":"open","ping_status":"open","sticky":false,"template":"","format":"standard","meta":{"inline_featured_image":false,"footnotes":""},"categories":[18],"tags":[],"class_list":["post-85071","post","type-post","status-publish","format-standard","has-post-thumbnail","hentry","category-blog"],"_links":{"self":[{"href":"https:\/\/elmodo.mx\/en\/wp-json\/wp\/v2\/posts\/85071","targetHints":{"allow":["GET"]}}],"collection":[{"href":"https:\/\/elmodo.mx\/en\/wp-json\/wp\/v2\/posts"}],"about":[{"href":"https:\/\/elmodo.mx\/en\/wp-json\/wp\/v2\/types\/post"}],"author":[{"embeddable":true,"href":"https:\/\/elmodo.mx\/en\/wp-json\/wp\/v2\/users\/2"}],"replies":[{"embeddable":true,"href":"https:\/\/elmodo.mx\/en\/wp-json\/wp\/v2\/comments?post=85071"}],"version-history":[{"count":1,"href":"https:\/\/elmodo.mx\/en\/wp-json\/wp\/v2\/posts\/85071\/revisions"}],"predecessor-version":[{"id":85086,"href":"https:\/\/elmodo.mx\/en\/wp-json\/wp\/v2\/posts\/85071\/revisions\/85086"}],"wp:featuredmedia":[{"embeddable":true,"href":"https:\/\/elmodo.mx\/en\/wp-json\/wp\/v2\/media\/85072"}],"wp:attachment":[{"href":"https:\/\/elmodo.mx\/en\/wp-json\/wp\/v2\/media?parent=85071"}],"wp:term":[{"taxonomy":"category","embeddable":true,"href":"https:\/\/elmodo.mx\/en\/wp-json\/wp\/v2\/categories?post=85071"},{"taxonomy":"post_tag","embeddable":true,"href":"https:\/\/elmodo.mx\/en\/wp-json\/wp\/v2\/tags?post=85071"}],"curies":[{"name":"wp","href":"https:\/\/api.w.org\/{rel}","templated":true}]}}