{"id":84840,"date":"2025-02-07T13:23:42","date_gmt":"2025-02-07T19:23:42","guid":{"rendered":"https:\/\/elmodo.mx\/?p=84840"},"modified":"2025-02-11T19:57:12","modified_gmt":"2025-02-12T01:57:12","slug":"dando-sentido-a-lo-irracional-o-absurdo","status":"publish","type":"post","link":"https:\/\/elmodo.mx\/en\/blog\/dando-sentido-a-lo-irracional-o-absurdo\/","title":{"rendered":"Dando sentido a lo irracional o absurdo"},"content":{"rendered":"<div class=\"wpb-content-wrapper\">[vc_row][vc_column width=&#8221;1\/2&#8243;][gsf_gallery layout_style=&#8221;carousel&#8221; image_size=&#8221;full&#8221; columns=&#8221;3&#8243; columns_md=&#8221;2&#8243; columns_sm=&#8221;2&#8243; columns_xs=&#8221;1&#8243; columns_mb=&#8221;1&#8243; images=&#8221;84832&#8243;][\/vc_column][vc_column width=&#8221;1\/2&#8243;][gsf_heading title_font_size=&#8221;48&#8243; sub_title_font_size=&#8221;14&#8243; text_align=&#8221;text-left&#8221; el_class=&#8221;&#8221;]La carencia de sentido l\u00f3gico es uno de los conceptos m\u00e1s representativos del Surrealismo, un movimiento que tuvo una amplia expansi\u00f3n y presencia en todas las artes que, adem\u00e1s, emana del Dada\u00edsmo, un tema que les compartimos recientemente: <a href=\"https:\/\/bit.ly\/3E9d0QK\">https:\/\/bit.ly\/3E9d0QK<\/a>.<\/p>\n<p>El surrealismo tiene sus or\u00edgenes a finales de la primera d\u00e9cada del siglo XX, al finalizar la Primera Guerra Mundial, como un movimiento literario que buscaba liberar la imaginaci\u00f3n desenfrenada del subconsciente a trav\u00e9s de una nueva forma de escribir llamada autom\u00e1tica o automatismo. A pesar de que el t\u00e9rmino ya hab\u00eda sido acu\u00f1ado en 1917, no es sino hasta el 15 de octubre de 1924, con la publicaci\u00f3n del manifiesto del poeta y cr\u00edtico franc\u00e9s Andr\u00e9 Bret\u00f3n que se establece oficialmente.<\/p>\n<p>Pero m\u00e1s all\u00e1 de explorar el mundo del subconsciente y liberar la imaginaci\u00f3n, este movimiento art\u00edstico permiti\u00f3 cuestionar la realidad y buscar nuevas formas de explorar la existencia humana, no s\u00f3lo a trav\u00e9s de la pintura \u2013 su mayor referencia \u2013 sino tambi\u00e9n con lo literario, la escultura, la fotograf\u00eda, el collage, el cine, la m\u00fasica y hasta la arquitectura.<\/p>\n<p>&nbsp;<\/p>\n<p>Entre los artistas que destacan por ser pioneros surrealistas se encuentran; Andr\u00e9 Breton escritor y fundador de la corriente. Los tambi\u00e9n poetas Paul \u00c9luard y Philippe Soupault. Max Ernst y Jos\u00e9 Cornell que utilizaron la t\u00e9cnica del collage para explorar la relaci\u00f3n entre el subconsciente y la creatividad.<\/p>\n<p>En la pintura, empezando por las ic\u00f3nicas mujeres Leonora Carrington, Remedios Varo, Mar\u00eda Izquierdo, Dorothea Tanning, Greta Knutson, as\u00ed como Salvador Dal\u00ed, Ren\u00e9 Magritte, Joan Mir\u00f3, Man Ray \u2013 que tambi\u00e9n jugo con la fotograf\u00eda \u2013 Marc Chagall, entre otros.<\/p>\n<p>&nbsp;<\/p>\n<p>La imaginaci\u00f3n desbordante de Alberto Giacometti y M\u00e9ret Oppenheim con la escultura. En la m\u00fasica se vio influenciado por Ren\u00e9 Clair, Darius Milhaud y Francis, sus composiciones se utilizaban o se pod\u00edan escuchar en pel\u00edculas y obras de teatro.<\/p>\n<p>En la pantalla grande los directores de cine Luis Bu\u00f1uel y Germaine Dulac. Finalizando con la arquitectura, aunque muchos lo asocian con el modernismo, los elementos e inspiraciones son surrealistas, como Gaud\u00ed, John Lautner, Emilio P\u00e9rez Pi\u00f1ero y Ren\u00e9 Binet.<\/p>\n<p>Una vez que se entendi\u00f3 como se desarrollaba y que abarcaba el Surrealismo, se logr\u00f3 comprender que, m\u00e1s all\u00e1 de una dimensi\u00f3n art\u00edstica se lograba un objetivo. Transformar el arte y permitir a la sociedad transcender en esquemas culturales con un amplio abanico de t\u00e9cnicas e incluso ser disc\u00edpulos de inconfundibles artistas.<\/p>\n<p>Ahora que conoces un poco m\u00e1s de esta corriente art\u00edstica \u00bfya puedes diferenciar entre Dada\u00edsmo y Surrealismo? no dudes en comentarnos sobre el tema y cu\u00e1les son tus artistas favoritos.[\/gsf_heading][\/vc_column][\/vc_row]<\/p><\/div>\n","protected":false},"excerpt":{"rendered":"<p>La carencia de sentido l\u00f3gico es uno de los conceptos m\u00e1s representativos del Surrealismo, un movimiento que tuvo una amplia expansi\u00f3n y presencia en todas las artes que, adem\u00e1s, emana del&#8230;<\/p>\n","protected":false},"author":2,"featured_media":84832,"comment_status":"open","ping_status":"open","sticky":false,"template":"","format":"standard","meta":{"inline_featured_image":false,"footnotes":""},"categories":[18],"tags":[],"class_list":["post-84840","post","type-post","status-publish","format-standard","has-post-thumbnail","hentry","category-blog"],"_links":{"self":[{"href":"https:\/\/elmodo.mx\/en\/wp-json\/wp\/v2\/posts\/84840","targetHints":{"allow":["GET"]}}],"collection":[{"href":"https:\/\/elmodo.mx\/en\/wp-json\/wp\/v2\/posts"}],"about":[{"href":"https:\/\/elmodo.mx\/en\/wp-json\/wp\/v2\/types\/post"}],"author":[{"embeddable":true,"href":"https:\/\/elmodo.mx\/en\/wp-json\/wp\/v2\/users\/2"}],"replies":[{"embeddable":true,"href":"https:\/\/elmodo.mx\/en\/wp-json\/wp\/v2\/comments?post=84840"}],"version-history":[{"count":3,"href":"https:\/\/elmodo.mx\/en\/wp-json\/wp\/v2\/posts\/84840\/revisions"}],"predecessor-version":[{"id":84843,"href":"https:\/\/elmodo.mx\/en\/wp-json\/wp\/v2\/posts\/84840\/revisions\/84843"}],"wp:featuredmedia":[{"embeddable":true,"href":"https:\/\/elmodo.mx\/en\/wp-json\/wp\/v2\/media\/84832"}],"wp:attachment":[{"href":"https:\/\/elmodo.mx\/en\/wp-json\/wp\/v2\/media?parent=84840"}],"wp:term":[{"taxonomy":"category","embeddable":true,"href":"https:\/\/elmodo.mx\/en\/wp-json\/wp\/v2\/categories?post=84840"},{"taxonomy":"post_tag","embeddable":true,"href":"https:\/\/elmodo.mx\/en\/wp-json\/wp\/v2\/tags?post=84840"}],"curies":[{"name":"wp","href":"https:\/\/api.w.org\/{rel}","templated":true}]}}