{"id":84756,"date":"2024-11-05T12:06:02","date_gmt":"2024-11-05T18:06:02","guid":{"rendered":"https:\/\/elmodo.mx\/?p=84756"},"modified":"2025-01-08T14:32:32","modified_gmt":"2025-01-08T20:32:32","slug":"una-historia-sin-sentido-pero-coherente","status":"publish","type":"post","link":"https:\/\/elmodo.mx\/en\/blog\/una-historia-sin-sentido-pero-coherente\/","title":{"rendered":"Una historia \u201csin sentido\u201d pero coherente"},"content":{"rendered":"<div class=\"wpb-content-wrapper\">[vc_row][vc_column width=&#8221;1\/2&#8243;][gsf_gallery image_size=&#8221;FULL&#8221; columns=&#8221;1&#8243; columns_md=&#8221;1&#8243; columns_sm=&#8221;1&#8243; columns_xs=&#8221;1&#8243; columns_mb=&#8221;1&#8243; el_class=&#8221;&#8221; images=&#8221;84757&#8243;][\/vc_column][vc_column width=&#8221;1\/2&#8243;][gsf_heading title_font_size=&#8221;48&#8243; sub_title_font_size=&#8221;14&#8243; text_align=&#8221;text-left&#8221; el_class=&#8221;&#8221;]En este tema platicaremos sobre dos corrientes art\u00edsticas, que, sin duda sobresalen en el arte. El dada\u00edsmo que acompa\u00f1ado del surrealismo generaron controversia y hoy en d\u00eda su legado sigue fortaleciendo manifiestos importantes dentro de la industria.<\/p>\n<p>&nbsp;<\/p>\n<p>Para entender el t\u00e9rmino no es necesario irnos a los diccionarios, pues la palabra como tal no describe nada lo que engloba el movimiento art\u00edstico, pero gracias al intelecto y creatividad de Tristan Tzara y Hans Arp cobr\u00f3 sentido. Todo comienza durante la Primera Guerra Mundial, artistas fueron perseguidos y manipulados para dejar de realizar o expresar libremente las ideolog\u00edas que plasmaban en sus obras, principalmente literarias y pintura.<\/p>\n<p>&nbsp;<\/p>\n<p>Esto hizo que varios tuvieran que refugiarse en otros pa\u00edses, como fue el caso del poeta rumano Tzara y el pintor franc\u00e9s Arp que llegaron a Suiza, lugar de nacimiento del dada\u00edsmo. Aqu\u00ed conocieron a sus colegas, los escritores alemanes Hugo Ball y Richard Huelsenbeck para dar inicio a un movimiento, que no se imaginar\u00edan que tan grande y fuerte se volver\u00eda.<\/p>\n<p>&nbsp;<\/p>\n<p>Un 5 de febrero de 1916 en Z\u00farich, los escritores Hugo Ball y Emmy Hennings abrieron el <em>Cabaret Voltair<\/em>, un recinto con el objetivo, aparte de generar dinero, de reunirse y compartir ideas intelectuales con m\u00e1s gente. Este local fue base importante, ya que sus instalaciones vieron nacer un grupo de artistas con hambre de manifestar sus ideolog\u00edas de una nueva forma; libre, real, un antiarte que se alejaba de lo tradicional.<\/p>\n<p>&nbsp;<\/p>\n<p>Para entender el t\u00e9rmino <em>\u201cDad\u00e1\u201d<\/em>, se cuenta que, el primero en utilizarlo fue Tzara, cuya palabra para la mayor\u00eda caus\u00f3 intriga, ya que pod\u00eda significar \u201cnada\u201d en distintos idiomas. Tzara dec\u00eda que hab\u00eda encontrado al azar la palabra en el diccionario franc\u00e9s <em>Larousse, <\/em>con la referencia a un caballo de tiro, mecedor, \u00bfpero qu\u00e9 sentido ten\u00eda la palabra con lo que realizaban? exacto, nada. Una nueva forma de ver el arte fuera de los c\u00e1nones de belleza y dar lugar a las nuevas formas irracionales de expresi\u00f3n.<\/p>\n<p>&nbsp;<\/p>\n<p>Hasta este punto sabemos quienes son los pioneros del dada\u00edsmo y en que a\u00f1o se cre\u00f3 el movimiento, pero \u00bfd\u00f3nde entra el surrealismo? cuando Hugo Ball decide marcharse a Berna para dedicarse al periodismo, Tzara se convirti\u00f3 en el encargado de seguir impulsando el movimiento, iniciando una campa\u00f1a para difundir sus ideas e invit\u00f3 por medio de cartas a escritores y artistas internacionales, lo que permiti\u00f3 que m\u00e1s artistas se sumaran y contribuyeran desde otras ciudades y pa\u00edses.<\/p>\n<p>&nbsp;<\/p>\n<p>El dada\u00edsmo lleg\u00f3 a ciudades europeas y a Nueva York, aqu\u00ed es un punto importante, ya que se mezclan grandes ideas como puntos clave y artistas. Tzara viaj\u00f3 a Par\u00eds donde su estad\u00eda fue larga y conoci\u00f3 a Andr\u00e9 Breton, con quien empez\u00f3 el surrealismo en el a\u00f1o de 1920.<\/p>\n<p>&nbsp;<\/p>\n<p><strong><em>Como dato interesante:<\/em><\/strong> Desde Z\u00farich (1918 a 1923) Huelsenbeck estuvo trabajando con artistas como Johannes Baader, George Grosz, Hannah H\u00f6ch, Raoul Hausmann y Kurt Schwitters. Estas grandes mentes se enfocaron a un arte m\u00e1s pol\u00edtico, con pinturas sat\u00edricas y los inicios del collage, fotomontaje.<\/p>\n<p>&nbsp;<\/p>\n<p>Hans Arp tambi\u00e9n form\u00f3 otro grupo junto con Max y Johannes Theodor Baargeld, sus exposiciones se centraban en el arte antiburgu\u00e9s.<\/p>\n<p>&nbsp;<\/p>\n<p>El surrealismo comenzaba a tener potencia, sum\u00e1ndose a la lista de artistas Marcel Duchamp, Francis Picabia, Man Ray. Pero el t\u00e9rmino que empleaban fue establecido 4 a\u00f1os m\u00e1s tarde por Andr\u00e9, despu\u00e9s de conocerse a Tzara, un 15 de octubre de 1924 al publicar el Manifiesto del surrealismo en Par\u00eds.<\/p>\n<p>&nbsp;<\/p>\n<p>No obstante, la historia sigue sumando intereses propios y apropi\u00e1ndose de t\u00e9rminos por artistas, pero \u00bfqu\u00e9 ser\u00eda del surrealismo sin haber existido el dada\u00edsmo? cu\u00e9ntanos qu\u00e9 obras conoces de estas corrientes y artistas mencionados.[\/gsf_heading][\/vc_column][\/vc_row]<\/p><\/div>\n","protected":false},"excerpt":{"rendered":"<p>En este tema platicaremos sobre dos corrientes art\u00edsticas, que, sin duda sobresalen en el arte.<\/p>\n","protected":false},"author":2,"featured_media":84759,"comment_status":"open","ping_status":"open","sticky":false,"template":"","format":"standard","meta":{"inline_featured_image":false,"footnotes":""},"categories":[18],"tags":[],"class_list":["post-84756","post","type-post","status-publish","format-standard","has-post-thumbnail","hentry","category-blog"],"_links":{"self":[{"href":"https:\/\/elmodo.mx\/en\/wp-json\/wp\/v2\/posts\/84756","targetHints":{"allow":["GET"]}}],"collection":[{"href":"https:\/\/elmodo.mx\/en\/wp-json\/wp\/v2\/posts"}],"about":[{"href":"https:\/\/elmodo.mx\/en\/wp-json\/wp\/v2\/types\/post"}],"author":[{"embeddable":true,"href":"https:\/\/elmodo.mx\/en\/wp-json\/wp\/v2\/users\/2"}],"replies":[{"embeddable":true,"href":"https:\/\/elmodo.mx\/en\/wp-json\/wp\/v2\/comments?post=84756"}],"version-history":[{"count":1,"href":"https:\/\/elmodo.mx\/en\/wp-json\/wp\/v2\/posts\/84756\/revisions"}],"predecessor-version":[{"id":84761,"href":"https:\/\/elmodo.mx\/en\/wp-json\/wp\/v2\/posts\/84756\/revisions\/84761"}],"wp:featuredmedia":[{"embeddable":true,"href":"https:\/\/elmodo.mx\/en\/wp-json\/wp\/v2\/media\/84759"}],"wp:attachment":[{"href":"https:\/\/elmodo.mx\/en\/wp-json\/wp\/v2\/media?parent=84756"}],"wp:term":[{"taxonomy":"category","embeddable":true,"href":"https:\/\/elmodo.mx\/en\/wp-json\/wp\/v2\/categories?post=84756"},{"taxonomy":"post_tag","embeddable":true,"href":"https:\/\/elmodo.mx\/en\/wp-json\/wp\/v2\/tags?post=84756"}],"curies":[{"name":"wp","href":"https:\/\/api.w.org\/{rel}","templated":true}]}}