{"id":7497,"date":"2016-02-25T12:00:47","date_gmt":"2016-02-25T17:00:47","guid":{"rendered":"https:\/\/elmodo.mx\/?p=7497"},"modified":"2019-11-03T19:57:07","modified_gmt":"2019-11-04T01:57:07","slug":"creacion-del-nacional-monte-de-piedad","status":"publish","type":"post","link":"https:\/\/elmodo.mx\/en\/el-modo-del-modo\/creacion-del-nacional-monte-de-piedad\/","title":{"rendered":"Creaci\u00f3n del Nacional Monte de Piedad"},"content":{"rendered":"<p>Esta instituci\u00f3n se fund\u00f3 en 1775 por Pedro Romero de Terreros como parte de la asistencia privada sin fines de lucro; posteriormente y durante el gobierno de Benito Ju\u00e1rez, se nombr\u00f3 en 1872, como un establecimiento de beneficencia p\u00fablica. Ya en el siglo XX, en el a\u00f1o de 1931, esta instituci\u00f3n funda la primera escuela de valuadores de M\u00e9xico, personal necesario para un establecimiento que crec\u00eda de manera importante.<\/p>\n<p>Como una medida para la reactivaci\u00f3n del capital nacional, en la d\u00e9cada de los 80, durante una de las crisis econ\u00f3micas que m\u00e1s han afectado a M\u00e9xico, el Gobierno dispuso un cr\u00e9dito importante a favor del Monte de Piedad, as\u00ed como la venta de inmuebles para incorporarlos al circulante de la instituci\u00f3n. En la d\u00e9cada de los 90, volvi\u00f3 a ser una Instituci\u00f3n de Asistencia Privada, es decir que ya no est\u00e1 bajo control estatal.<\/p>\n<p>El Monte de Piedad representa un sistema de cr\u00e9dito conocido como \u201csistema prendario\u201d, es decir que el cliente \u201cvende\u201d alguna prenda u objeto a la Instituci\u00f3n por un porcentaje de su valor en el mercado, a cambio de dinero, el cliente tiene la posibilidad de volver a \u201ccomprar\u201d aquello que hab\u00eda vendido en un principio. Es importante destacar que este sistema es con el que muchas familias mexicanas han llevado su econom\u00eda por varias generaciones.<\/p>\n<p>As\u00ed mismo, es a partir de este sistema como podemos conocer algunos objetos de la cultura material de nuestro pa\u00eds, ya que es en el Monte de Piedad donde a\u00fan quedan objetos \u201colvidados\u201d que ya no encontramos en el mercado, lo que lo convierte, al igual que el Acervo del MODO, en un resguardo de nuestro pasado material.<\/p>\n<p>Hoy recordamos la creaci\u00f3n de esta instituci\u00f3n con algunos objetos de nuestra colecci\u00f3n.<\/p>\n","protected":false},"excerpt":{"rendered":"<p>Esta instituci\u00f3n se fund\u00f3 en 1775 por Pedro Romero de Terreros como parte de la asistencia privada sin fines de lucro; posteriormente y durante el gobierno de Benito Ju\u00e1rez, se nombr\u00f3 en 1872, como un establecimiento de beneficencia p\u00fablica. Ya en el siglo XX, en el a\u00f1o de 1931, esta instituci\u00f3n funda la primera escuela [&hellip;]<\/p>\n","protected":false},"author":2,"featured_media":22889,"comment_status":"open","ping_status":"open","sticky":false,"template":"","format":"standard","meta":{"inline_featured_image":false,"footnotes":""},"categories":[4],"tags":[599,48,36,600],"class_list":["post-7497","post","type-post","status-publish","format-standard","has-post-thumbnail","hentry","category-el-modo-del-modo","tag-empeno","tag-historia","tag-mexico","tag-monte-de-piedad"],"_links":{"self":[{"href":"https:\/\/elmodo.mx\/en\/wp-json\/wp\/v2\/posts\/7497","targetHints":{"allow":["GET"]}}],"collection":[{"href":"https:\/\/elmodo.mx\/en\/wp-json\/wp\/v2\/posts"}],"about":[{"href":"https:\/\/elmodo.mx\/en\/wp-json\/wp\/v2\/types\/post"}],"author":[{"embeddable":true,"href":"https:\/\/elmodo.mx\/en\/wp-json\/wp\/v2\/users\/2"}],"replies":[{"embeddable":true,"href":"https:\/\/elmodo.mx\/en\/wp-json\/wp\/v2\/comments?post=7497"}],"version-history":[{"count":2,"href":"https:\/\/elmodo.mx\/en\/wp-json\/wp\/v2\/posts\/7497\/revisions"}],"predecessor-version":[{"id":23496,"href":"https:\/\/elmodo.mx\/en\/wp-json\/wp\/v2\/posts\/7497\/revisions\/23496"}],"wp:featuredmedia":[{"embeddable":true,"href":"https:\/\/elmodo.mx\/en\/wp-json\/wp\/v2\/media\/22889"}],"wp:attachment":[{"href":"https:\/\/elmodo.mx\/en\/wp-json\/wp\/v2\/media?parent=7497"}],"wp:term":[{"taxonomy":"category","embeddable":true,"href":"https:\/\/elmodo.mx\/en\/wp-json\/wp\/v2\/categories?post=7497"},{"taxonomy":"post_tag","embeddable":true,"href":"https:\/\/elmodo.mx\/en\/wp-json\/wp\/v2\/tags?post=7497"}],"curies":[{"name":"wp","href":"https:\/\/api.w.org\/{rel}","templated":true}]}}