{"id":7488,"date":"2016-02-20T12:00:39","date_gmt":"2016-02-20T18:00:39","guid":{"rendered":"https:\/\/elmodo.mx\/?p=7488"},"modified":"2021-11-06T21:40:28","modified_gmt":"2021-11-07T03:40:28","slug":"dia-mundial-de-la-justicia-social-noticia","status":"publish","type":"post","link":"https:\/\/elmodo.mx\/en\/el-modo-del-modo\/dia-mundial-de-la-justicia-social-noticia\/","title":{"rendered":"D\u00eda mundial de la justicia social"},"content":{"rendered":"<p><a href=\"https:\/\/www.un.org\/es\/events\/socialjusticeday\/\">https:\/\/www.un.org\/es\/events\/socialjusticeday\/<\/a><\/p>\n<p>La justicia social es un principio fundamental para la convivencia pac\u00edfica y pr\u00f3spera, dentro y entre las naciones. Defendemos los principios de justicia social cuando promovemos la igualdad de g\u00e9nero o los derechos de los pueblos ind\u00edgenas y de los migrantes. Promovemos la justicia social cuando eliminamos las barreras que enfrentan las personas por motivos de g\u00e9nero, edad, raza, etnia, religi\u00f3n, cultura o discapacidad.<\/p>\n<p>La Asamblea General proclam\u00f3 el 20 de febrero D\u00eda Mundial de la Justicia Social en 2007, al invitar a los Estados Miembros a dedicar este d\u00eda especial a promover, a nivel nacional, actividades concretas que se ajusten a los objetivos y las metas de la Cumbre Mundial sobre Desarrollo Social y el vig\u00e9simo cuarto per\u00edodo extraordinario de sesiones de la Asamblea General.<\/p>\n<p>La celebraci\u00f3n del D\u00eda Mundial de la Justicia Social debe apoyar la labor de la comunidad internacional encaminada a erradicar la pobreza y promover el empleo pleno y el trabajo decente, la igualdad entre los sexos y el acceso al bienestar social y la justicia social para todos.<\/p>\n<p>\u201cEn este a\u00f1o crucial para el desarrollo mundial, en el que los Estados Miembros est\u00e1n trabajando para elaborar una agenda para el desarrollo despu\u00e9s de 2015 y una nueva serie de objetivos de desarrollo sostenible, debemos hacer todo lo posible para erradicar todas las formas de explotaci\u00f3n humana. Luchemos por construir un mundo con justicia social en el que todas las personas puedan vivir y trabajar con libertad, dignidad e igualdad.\u201d<\/p>\n<p><em>Mensaje del Secretario General en el D\u00eda Mundial de la Justicia Social<br \/>\n20 de febrero de 2015<\/em><\/p>\n<p>&nbsp;<\/p>\n","protected":false},"excerpt":{"rendered":"<p>https:\/\/www.un.org\/es\/events\/socialjusticeday\/ La justicia social es un principio fundamental para la convivencia pac\u00edfica y pr\u00f3spera, dentro y entre las naciones. Defendemos los principios de justicia social cuando promovemos la igualdad de g\u00e9nero o los derechos de los pueblos ind\u00edgenas y de los migrantes. Promovemos la justicia social cuando eliminamos las barreras que enfrentan las personas por [&hellip;]<\/p>\n","protected":false},"author":2,"featured_media":22907,"comment_status":"open","ping_status":"open","sticky":false,"template":"","format":"standard","meta":{"inline_featured_image":false,"footnotes":""},"categories":[4],"tags":[595,596,597,598],"class_list":["post-7488","post","type-post","status-publish","format-standard","has-post-thumbnail","hentry","category-el-modo-del-modo","tag-ciudadania","tag-igualdad","tag-justicia-social","tag-onu"],"_links":{"self":[{"href":"https:\/\/elmodo.mx\/en\/wp-json\/wp\/v2\/posts\/7488","targetHints":{"allow":["GET"]}}],"collection":[{"href":"https:\/\/elmodo.mx\/en\/wp-json\/wp\/v2\/posts"}],"about":[{"href":"https:\/\/elmodo.mx\/en\/wp-json\/wp\/v2\/types\/post"}],"author":[{"embeddable":true,"href":"https:\/\/elmodo.mx\/en\/wp-json\/wp\/v2\/users\/2"}],"replies":[{"embeddable":true,"href":"https:\/\/elmodo.mx\/en\/wp-json\/wp\/v2\/comments?post=7488"}],"version-history":[{"count":2,"href":"https:\/\/elmodo.mx\/en\/wp-json\/wp\/v2\/posts\/7488\/revisions"}],"predecessor-version":[{"id":23498,"href":"https:\/\/elmodo.mx\/en\/wp-json\/wp\/v2\/posts\/7488\/revisions\/23498"}],"wp:featuredmedia":[{"embeddable":true,"href":"https:\/\/elmodo.mx\/en\/wp-json\/wp\/v2\/media\/22907"}],"wp:attachment":[{"href":"https:\/\/elmodo.mx\/en\/wp-json\/wp\/v2\/media?parent=7488"}],"wp:term":[{"taxonomy":"category","embeddable":true,"href":"https:\/\/elmodo.mx\/en\/wp-json\/wp\/v2\/categories?post=7488"},{"taxonomy":"post_tag","embeddable":true,"href":"https:\/\/elmodo.mx\/en\/wp-json\/wp\/v2\/tags?post=7488"}],"curies":[{"name":"wp","href":"https:\/\/api.w.org\/{rel}","templated":true}]}}