{"id":7440,"date":"2016-02-09T12:00:32","date_gmt":"2016-02-09T17:00:32","guid":{"rendered":"https:\/\/elmodo.mx\/?p=7440"},"modified":"2019-11-03T20:01:57","modified_gmt":"2019-11-04T02:01:57","slug":"rivalidades-del-pancracio","status":"publish","type":"post","link":"https:\/\/elmodo.mx\/en\/el-modo-del-modo\/rivalidades-del-pancracio\/","title":{"rendered":"Rivalidades del pancracio"},"content":{"rendered":"<p class=\"p1\"><span class=\"s1\">El primer encuentro m\u00e1scara contra cabellera ocurri\u00f3 el 14 de julio de 1940. Fue una lucha entre Octavio Gaona y el Murci\u00e9lago Vel\u00e1zquez. Como Gaona no usaba m\u00e1scara, el Murci\u00e9lago exigi\u00f3 que en caso de que \u00e9l ganara, su contrincante deb\u00eda raparse. Resultando ganador Gaona y perdiendo su m\u00e1scara el Murci\u00e9lago.<\/span><\/p>\n<p class=\"p1\"><span class=\"s1\">Las m\u00e1scaras luchadas y las cabelleras, son unos de los objetos m\u00e1s preciado de la Lucha Libre, su materialidad da fe de la victoria. La p\u00e9rdida de la m\u00e1scara supone la desaparici\u00f3n o transformaci\u00f3n del personaje a trav\u00e9s de la revelaci\u00f3n de la identidad del luchador. Este hecho supone una p\u00e9rdida del aura que emanan los luchadores enmascarados y los devuelve al \u00e1mbito terrenal. El caso de la perdida de la cabellera, evoca el mito de Sans\u00f3n, el cual al perder el cabello a manos de Dalila pierde su fortaleza e invulnerabilidad.<\/span><\/p>\n<p class=\"p1\"><span class=\"s1\">En la Lucha Libre, como en los melodramas, se escenifican enemistades y rivalidades, se muestran im\u00e1genes de dolor y derrota, de traici\u00f3n y justicia. Por forma, existen dos bandos. Los t\u00e9cnicos representan el bando de los buenos, luchadores que se apegan a las reglas y que sus personajes evocan a figuras de justicia y rectitud y los rudos que ser\u00edan por el contrario, los luchadores que representan los malos, personajes que tocan la oscuridad, la rebeld\u00eda y la traici\u00f3n. Los rudos luchan con medios no permitidos, rompen las reglas y provocan al p\u00fablico por medio de su oportunismo y acciones traicioneras. Por el contrario, los t\u00e9cnicos intentan defenderse por medio de la lucha limpia basada en las reglas<\/span><\/p>\n","protected":false},"excerpt":{"rendered":"<p>El primer encuentro m\u00e1scara contra cabellera ocurri\u00f3 el 14 de julio de 1940. Fue una lucha entre Octavio Gaona y el Murci\u00e9lago Vel\u00e1zquez. Como Gaona no usaba m\u00e1scara, el Murci\u00e9lago exigi\u00f3 que en caso de que \u00e9l ganara, su contrincante deb\u00eda raparse. Resultando ganador Gaona y perdiendo su m\u00e1scara el Murci\u00e9lago. Las m\u00e1scaras luchadas y [&hellip;]<\/p>\n","protected":false},"author":2,"featured_media":23147,"comment_status":"open","ping_status":"open","sticky":false,"template":"","format":"standard","meta":{"inline_featured_image":false,"footnotes":""},"categories":[4],"tags":[578,10,515,36],"class_list":["post-7440","post","type-post","status-publish","format-standard","has-post-thumbnail","hentry","category-el-modo-del-modo","tag-cabellera","tag-lucha-libre","tag-mascara","tag-mexico"],"_links":{"self":[{"href":"https:\/\/elmodo.mx\/en\/wp-json\/wp\/v2\/posts\/7440","targetHints":{"allow":["GET"]}}],"collection":[{"href":"https:\/\/elmodo.mx\/en\/wp-json\/wp\/v2\/posts"}],"about":[{"href":"https:\/\/elmodo.mx\/en\/wp-json\/wp\/v2\/types\/post"}],"author":[{"embeddable":true,"href":"https:\/\/elmodo.mx\/en\/wp-json\/wp\/v2\/users\/2"}],"replies":[{"embeddable":true,"href":"https:\/\/elmodo.mx\/en\/wp-json\/wp\/v2\/comments?post=7440"}],"version-history":[{"count":1,"href":"https:\/\/elmodo.mx\/en\/wp-json\/wp\/v2\/posts\/7440\/revisions"}],"predecessor-version":[{"id":23514,"href":"https:\/\/elmodo.mx\/en\/wp-json\/wp\/v2\/posts\/7440\/revisions\/23514"}],"wp:featuredmedia":[{"embeddable":true,"href":"https:\/\/elmodo.mx\/en\/wp-json\/wp\/v2\/media\/23147"}],"wp:attachment":[{"href":"https:\/\/elmodo.mx\/en\/wp-json\/wp\/v2\/media?parent=7440"}],"wp:term":[{"taxonomy":"category","embeddable":true,"href":"https:\/\/elmodo.mx\/en\/wp-json\/wp\/v2\/categories?post=7440"},{"taxonomy":"post_tag","embeddable":true,"href":"https:\/\/elmodo.mx\/en\/wp-json\/wp\/v2\/tags?post=7440"}],"curies":[{"name":"wp","href":"https:\/\/api.w.org\/{rel}","templated":true}]}}