{"id":7309,"date":"2016-01-21T12:00:32","date_gmt":"2016-01-21T17:00:32","guid":{"rendered":"https:\/\/elmodo.mx\/?p=7309"},"modified":"2019-11-03T23:20:51","modified_gmt":"2019-11-04T05:20:51","slug":"icono-de-una-causa","status":"publish","type":"post","link":"https:\/\/elmodo.mx\/en\/el-modo-del-modo\/icono-de-una-causa\/","title":{"rendered":"\u00cdcono de una causa"},"content":{"rendered":"<p>En junio del a\u00f1o pasado, la Ciudad de M\u00e9xico fue testigo de la XXXVII Marcha Nacional del Orgullo y la Dignidad LGBTTTI. Las principales avenidas de la capital se abarrotaron de personas que se identificaban con un movimiento de libertad sexual y en medio de la manifestaci\u00f3n, resaltaban tres j\u00f3venes que ondeaban una bandera con los colores del arco\u00edris (s\u00edmbolo del orgullo LGBT); pero a diferencia de otras banderas, \u00e9sta ten\u00eda impresa la silueta de Emiliano Zapata en el centro.<\/p>\n<p>Al igual que los manifestantes de la Marcha Nacional LBGT, mucha gente retoma la imagen de alg\u00fan revolucionario y la implementa como un estandarte en favor de una lucha o reivindicaci\u00f3n social. Se trata de la apropiaci\u00f3n de una imagen y su sucesiva transformaci\u00f3n en s\u00edmbolo de una causa.<\/p>\n<p>Las nuevas generaciones en ocasiones desconocen quien fue Emiliano Zapata, cu\u00e1l fue la participaci\u00f3n que mantuvo Ernesto Guevara en la Revoluci\u00f3n Cubana, o qui\u00e9n fue Augusto C\u00e9sar Sandino, por mencionar algunos ejemplos; pero la identidad que adquieren no necesariamente se vincula con el sujeto hist\u00f3rico en cuesti\u00f3n, sino con la imagen gr\u00e1fica del revolucionario.<\/p>\n<p>Para ellos, ser zapatista o llevar al \u201cChe\u201d impreso en una playera, no forzosamente responde a una condici\u00f3n social o a una doctrina heterodoxa; se puede ser ind\u00edgena, estudiante, trabajador o simplemente formar parte de los sectores menos favorecidos econ\u00f3micamente, y a pesar de la heterogeneidad social, coinciden en la apropiaci\u00f3n de una imagen para construir una pr\u00e1ctica colectiva: la defensa de la tierra, de su hogar, del medioambiente, de la libertad, de la democracia, de la justicia y de la equidad social.<\/p>\n<p>Con motivo de este blog tambi\u00e9n queremos contribuir hacia la tolerancia de todas las manifestaciones sociales. Basta con recordar las palabras del ilustre Voltaire, cuando expon\u00eda: \u201cpuedo no estar de acuerdo con lo que dices, pero morir\u00eda por defender tu derecho a expresarlo\u201d.<\/p>\n","protected":false},"excerpt":{"rendered":"<p>En junio del a\u00f1o pasado, la Ciudad de M\u00e9xico fue testigo de la XXXVII Marcha Nacional del Orgullo y la Dignidad LGBTTTI. Las principales avenidas de la capital se abarrotaron de personas que se identificaban con un movimiento de libertad sexual y en medio de la manifestaci\u00f3n, resaltaban tres j\u00f3venes que ondeaban una bandera con [&hellip;]<\/p>\n","protected":false},"author":2,"featured_media":23748,"comment_status":"open","ping_status":"open","sticky":false,"template":"","format":"standard","meta":{"inline_featured_image":false,"footnotes":""},"categories":[4],"tags":[553,36,276,278],"class_list":["post-7309","post","type-post","status-publish","format-standard","has-post-thumbnail","hentry","category-el-modo-del-modo","tag-ezln","tag-mexico","tag-revolucion","tag-zapata"],"_links":{"self":[{"href":"https:\/\/elmodo.mx\/en\/wp-json\/wp\/v2\/posts\/7309","targetHints":{"allow":["GET"]}}],"collection":[{"href":"https:\/\/elmodo.mx\/en\/wp-json\/wp\/v2\/posts"}],"about":[{"href":"https:\/\/elmodo.mx\/en\/wp-json\/wp\/v2\/types\/post"}],"author":[{"embeddable":true,"href":"https:\/\/elmodo.mx\/en\/wp-json\/wp\/v2\/users\/2"}],"replies":[{"embeddable":true,"href":"https:\/\/elmodo.mx\/en\/wp-json\/wp\/v2\/comments?post=7309"}],"version-history":[{"count":1,"href":"https:\/\/elmodo.mx\/en\/wp-json\/wp\/v2\/posts\/7309\/revisions"}],"predecessor-version":[{"id":23926,"href":"https:\/\/elmodo.mx\/en\/wp-json\/wp\/v2\/posts\/7309\/revisions\/23926"}],"wp:featuredmedia":[{"embeddable":true,"href":"https:\/\/elmodo.mx\/en\/wp-json\/wp\/v2\/media\/23748"}],"wp:attachment":[{"href":"https:\/\/elmodo.mx\/en\/wp-json\/wp\/v2\/media?parent=7309"}],"wp:term":[{"taxonomy":"category","embeddable":true,"href":"https:\/\/elmodo.mx\/en\/wp-json\/wp\/v2\/categories?post=7309"},{"taxonomy":"post_tag","embeddable":true,"href":"https:\/\/elmodo.mx\/en\/wp-json\/wp\/v2\/tags?post=7309"}],"curies":[{"name":"wp","href":"https:\/\/api.w.org\/{rel}","templated":true}]}}