{"id":7122,"date":"2015-12-19T12:06:21","date_gmt":"2015-12-19T17:06:21","guid":{"rendered":"https:\/\/elmodo.mx\/?p=7122"},"modified":"2019-11-03T23:31:14","modified_gmt":"2019-11-04T05:31:14","slug":"antonio-caso-pensador-ilustre-mexicano","status":"publish","type":"post","link":"https:\/\/elmodo.mx\/en\/el-modo-del-modo\/antonio-caso-pensador-ilustre-mexicano\/","title":{"rendered":"ANTONIO CASO, PENSADOR ILUSTRE MEXICANO"},"content":{"rendered":"<p>En el MODO recordamos al fil\u00f3sofo mexicano, Antonio Caso; a 132 a\u00f1os de su nacimiento, nos enorgullece su magistral obra y labor en favor de la educaci\u00f3n.<\/p>\n<p>Antonio Caso Andrade naci\u00f3 en la Ciudad de M\u00e9xico el 19 de diciembre de 1883, en medio de un gobierno porfirista que enaltec\u00eda la paz y el desarrollo industrial. Desde muy joven reflej\u00f3 la riqueza cultural que le infundi\u00f3 su familia, desempe\u00f1\u00e1ndose como orador, conferencista y articulista en la prensa.<\/p>\n<p>La etapa m\u00e1s trascendente de su vida comenz\u00f3 en 1909, cuando estableci\u00f3 una asociaci\u00f3n civil junto con Jos\u00e9 Vasconcelos, Alfonso Reyes y Pedro Henr\u00edquez Ure\u00f1a. El proyecto de los pensadores mexicanos se conoci\u00f3 como Ateneo de la Juventud y a trav\u00e9s de reuniones y debates, buscaron replantear el proyecto ideol\u00f3gico y educativo que dominaba en esos tiempos; para ello, tuvieron que romper con el modelo que implement\u00f3 Porfirio D\u00edaz y desempe\u00f1ar una nueva e inmensa labor en favor de la cultura y el arte.<\/p>\n<p>A lo largo de su vida, Antonio Caso se desarroll\u00f3 como catedr\u00e1tico en diversos centros de ense\u00f1anza, el fil\u00f3sofo estaba convencido de que la educaci\u00f3n era el medio m\u00e1s efectivo para el progreso y el desenvolvimiento individual de los mexicanos. Fue profesor de geograf\u00eda, historia, sociolog\u00eda, l\u00f3gica, est\u00e9tica, \u00e9tica, estudios filos\u00f3ficos, metodolog\u00eda y psicolog\u00eda en la Escuela Nacional Preparatoria y en la Escuela de Altos Estudios. Su gran dedicaci\u00f3n, no s\u00f3lo lo llev\u00f3 a la docencia, sino que tambi\u00e9n lleg\u00f3 a estar a cargo de la direcci\u00f3n de muchas instituciones educativas, entre ellas la Universidad Nacional (posteriormente Universidad Nacional Aut\u00f3noma de M\u00e9xico).<\/p>\n<p>En 1920, Antonio Caso viaj\u00f3 como embajador extraordinario a distintos pa\u00edses de Latinoam\u00e9rica. A lo largo de estas traves\u00edas fue galardonado con diferentes doctorados Honoris Causa, en las universidades de La Habana, Lima, Guatemala, Buenos Aires y R\u00edo de Janeiro. El pensador adem\u00e1s fue miembro de la Academia Mexicana de la Lengua y uno de los fundadores de El Colegio Nacional. Su legado qued\u00f3 plasmado en obras como \u201cLa filosof\u00eda de la intuici\u00f3n\u201d, \u201cProblemas filos\u00f3ficos\u201d, \u201cDiscursos a la naci\u00f3n mexicana\u201d y \u201cM\u00e9xico: apuntamientos de cultura patria\u201d.<\/p>\n","protected":false},"excerpt":{"rendered":"<p>En el MODO recordamos al fil\u00f3sofo mexicano, Antonio Caso; a 132 a\u00f1os de su nacimiento, nos enorgullece su magistral obra y labor en favor de la educaci\u00f3n. Antonio Caso Andrade naci\u00f3 en la Ciudad de M\u00e9xico el 19 de diciembre de 1883, en medio de un gobierno porfirista que enaltec\u00eda la paz y el desarrollo [&hellip;]<\/p>\n","protected":false},"author":2,"featured_media":23600,"comment_status":"open","ping_status":"open","sticky":false,"template":"","format":"standard","meta":{"inline_featured_image":false,"footnotes":""},"categories":[4],"tags":[240,468,48,36],"class_list":["post-7122","post","type-post","status-publish","format-standard","has-post-thumbnail","hentry","category-el-modo-del-modo","tag-educacion","tag-efemerides","tag-historia","tag-mexico"],"_links":{"self":[{"href":"https:\/\/elmodo.mx\/en\/wp-json\/wp\/v2\/posts\/7122","targetHints":{"allow":["GET"]}}],"collection":[{"href":"https:\/\/elmodo.mx\/en\/wp-json\/wp\/v2\/posts"}],"about":[{"href":"https:\/\/elmodo.mx\/en\/wp-json\/wp\/v2\/types\/post"}],"author":[{"embeddable":true,"href":"https:\/\/elmodo.mx\/en\/wp-json\/wp\/v2\/users\/2"}],"replies":[{"embeddable":true,"href":"https:\/\/elmodo.mx\/en\/wp-json\/wp\/v2\/comments?post=7122"}],"version-history":[{"count":2,"href":"https:\/\/elmodo.mx\/en\/wp-json\/wp\/v2\/posts\/7122\/revisions"}],"predecessor-version":[{"id":23995,"href":"https:\/\/elmodo.mx\/en\/wp-json\/wp\/v2\/posts\/7122\/revisions\/23995"}],"wp:featuredmedia":[{"embeddable":true,"href":"https:\/\/elmodo.mx\/en\/wp-json\/wp\/v2\/media\/23600"}],"wp:attachment":[{"href":"https:\/\/elmodo.mx\/en\/wp-json\/wp\/v2\/media?parent=7122"}],"wp:term":[{"taxonomy":"category","embeddable":true,"href":"https:\/\/elmodo.mx\/en\/wp-json\/wp\/v2\/categories?post=7122"},{"taxonomy":"post_tag","embeddable":true,"href":"https:\/\/elmodo.mx\/en\/wp-json\/wp\/v2\/tags?post=7122"}],"curies":[{"name":"wp","href":"https:\/\/api.w.org\/{rel}","templated":true}]}}