{"id":34275,"date":"2023-10-16T14:52:05","date_gmt":"2023-10-16T20:52:05","guid":{"rendered":"https:\/\/elmodo.mx\/?p=34275"},"modified":"2023-10-16T14:52:05","modified_gmt":"2023-10-16T20:52:05","slug":"de-alfiletero-a-los-abrazables-peluches","status":"publish","type":"post","link":"https:\/\/elmodo.mx\/en\/blog\/de-alfiletero-a-los-abrazables-peluches\/","title":{"rendered":"De alfiletero a los abrazables peluches"},"content":{"rendered":"<div class=\"wpb-content-wrapper\">[vc_row][vc_column width=&#8221;1\/2&#8243;][gsf_gallery layout_style=&#8221;thumbnail&#8221; image_size=&#8221;full&#8221; columns=&#8221;3&#8243; columns_md=&#8221;2&#8243; columns_sm=&#8221;2&#8243; columns_xs=&#8221;1&#8243; columns_mb=&#8221;1&#8243; el_class=&#8221;&#8221; images=&#8221;34276,34278,34280,34282,34284,34286&#8243;][\/vc_column][vc_column width=&#8221;1\/2&#8243;][gsf_heading title_font_size=&#8221;48&#8243; sub_title_font_size=&#8221;14&#8243; text_align=&#8221;text-left&#8221; el_class=&#8221;&#8221;]Los peluches han sido referentes de la ni\u00f1ez a lo largo del tiempo, aunque hay adultos que siguen teniendo afinidad por estos adorables juguetes, sin embargo, los que conocemos hoy fueron un artefacto que se utilizaba para la costura, del cual leer\u00e1n su historia a continuaci\u00f3n.<\/p>\n<p>&nbsp;<\/p>\n<p>El primer peluche lo hace en Alemania la dise\u00f1adora Margarete Steiff cuando funda su tienda de ropa en 1877. Margarete, acostumbra a comprar revistas, en una de moda, encontr\u00f3 el patr\u00f3n de un elefante, tom\u00f3 esta idea para realizar un saco de fieltro y pincharlo con alfileres para facilitar su trabajo y el de sus costureras.<\/p>\n<p>&nbsp;<\/p>\n<p>Es tal el \u00e9xito de este alfiletero que en 1880 decide comenzar una producci\u00f3n y ponerlos a la venta. Los peque\u00f1os elefantes cautivan a los infantes y las madres los compran como obsequio para que sus hijos los disfruten jugando. Seis a\u00f1os m\u00e1s tarde, los alfileteros se vend\u00edan como juguetes llegando a tener un registro de cinco mil elefantes de felpa vendidos.<\/p>\n<p>&nbsp;<\/p>\n<p>Con el \u00e9xito obtenido Margarete crea su empresa Steiff y en 1897 se integra Richard Steiff, su sobrino \u2014que egresaba como creador de la Escuela de Artes Aplicadas de Stuttgart\u2014. Lo que caracterizaba a la marca fue el integrar, adem\u00e1s del elefante que les catapult\u00f3 a la fama, una serie de animales dom\u00e9sticos y de granja, como: gatos, perros, cerdos y conejos, con los que el p\u00fablico se sinti\u00f3 muy identificado.<\/p>\n<p>&nbsp;<\/p>\n<p>Para 1902, Richard dise\u00f1\u00f3 el <em>&#8220;Bear 55PB&#8221;, <\/em>un curioso oso que ten\u00eda los brazos y piernas movibles, el cual fue considerado como el primer oso de peluche del mundo y el que revolucionaria su historia. El <em>&#8220;Bear 55PB&#8221; <\/em>fue presentado en la feria de juguetes de Leipzig, Alemania.<\/p>\n<p>&nbsp;<\/p>\n<p>Las ventas incrementaron y la marca ya era mundialmente reconocida, realiz\u00f3 colaboraciones con Disney, fundaron el Steiff Club y para sus 100 a\u00f1os crearon una edici\u00f3n limitada de <em>&#8220;Bear 55PB&#8221;.<\/em><\/p>\n<p><em>\u00a0<\/em><\/p>\n<p><strong><em>*Como dato interesante:<\/em><\/strong><em> En 2005 se inaugur\u00f3 el fant\u00e1stico Museo Steiff en Giengen, Alemania, con motivo del 125 aniversario de la empresa.<\/em><\/p>\n<p><em>\u00a0<\/em><\/p>\n<p>A pesar de que Steiff vend\u00eda sus mu\u00f1ecos, m\u00e1s empresas se sumaron a la creaci\u00f3n de peluches, algunas intentaron realizar replicas, otros, nuevos modelos con materiales m\u00e1s comerciales y tener un costo m\u00e1s econ\u00f3mico.<\/p>\n<p>&nbsp;<\/p>\n<p>Hoy en d\u00eda los peluches los encontramos muy f\u00e1cilmente, pueden ser para alg\u00fan regalo, para coleccionarlos o por simple gusto, los hay de distintos tipos, formas, texturas, modelos especiales o ediciones limitadas, colaboraciones e incluso m\u00e1quinas de monedas en las que se pueden sacar alguno jugando.<\/p>\n<p>&nbsp;<\/p>\n<p>\u00bfUstedes conoc\u00edan la historia? plat\u00edquenos si \u00bfguardan sus peluches de ni\u00f1os? o \u00bfconocen al famoso <em>&#8220;Bear 55PB&#8221;<\/em>?[\/gsf_heading][\/vc_column][\/vc_row]<\/div>\n","protected":false},"excerpt":{"rendered":"<p>Los peluches han sido referentes de la ni\u00f1ez a lo largo del tiempo, aunque hay adultos que siguen teniendo afinidad por estos adorables juguetes, sin embargo, los que conocemos hoy fueron un artefacto que se utilizaba para la costura, del cual leer\u00e1n su historia a continuaci\u00f3n.<\/p>\n","protected":false},"author":2,"featured_media":34280,"comment_status":"open","ping_status":"open","sticky":false,"template":"","format":"standard","meta":{"inline_featured_image":false,"footnotes":""},"categories":[18],"tags":[],"class_list":["post-34275","post","type-post","status-publish","format-standard","has-post-thumbnail","hentry","category-blog"],"_links":{"self":[{"href":"https:\/\/elmodo.mx\/en\/wp-json\/wp\/v2\/posts\/34275","targetHints":{"allow":["GET"]}}],"collection":[{"href":"https:\/\/elmodo.mx\/en\/wp-json\/wp\/v2\/posts"}],"about":[{"href":"https:\/\/elmodo.mx\/en\/wp-json\/wp\/v2\/types\/post"}],"author":[{"embeddable":true,"href":"https:\/\/elmodo.mx\/en\/wp-json\/wp\/v2\/users\/2"}],"replies":[{"embeddable":true,"href":"https:\/\/elmodo.mx\/en\/wp-json\/wp\/v2\/comments?post=34275"}],"version-history":[{"count":3,"href":"https:\/\/elmodo.mx\/en\/wp-json\/wp\/v2\/posts\/34275\/revisions"}],"predecessor-version":[{"id":34290,"href":"https:\/\/elmodo.mx\/en\/wp-json\/wp\/v2\/posts\/34275\/revisions\/34290"}],"wp:featuredmedia":[{"embeddable":true,"href":"https:\/\/elmodo.mx\/en\/wp-json\/wp\/v2\/media\/34280"}],"wp:attachment":[{"href":"https:\/\/elmodo.mx\/en\/wp-json\/wp\/v2\/media?parent=34275"}],"wp:term":[{"taxonomy":"category","embeddable":true,"href":"https:\/\/elmodo.mx\/en\/wp-json\/wp\/v2\/categories?post=34275"},{"taxonomy":"post_tag","embeddable":true,"href":"https:\/\/elmodo.mx\/en\/wp-json\/wp\/v2\/tags?post=34275"}],"curies":[{"name":"wp","href":"https:\/\/api.w.org\/{rel}","templated":true}]}}