{"id":34004,"date":"2023-06-21T11:23:10","date_gmt":"2023-06-21T17:23:10","guid":{"rendered":"https:\/\/elmodo.mx\/?p=34004"},"modified":"2023-06-21T11:23:10","modified_gmt":"2023-06-21T17:23:10","slug":"el-palacio-de-bellas-artes-historia-arte-y-arquitectura","status":"publish","type":"post","link":"https:\/\/elmodo.mx\/en\/blog\/el-palacio-de-bellas-artes-historia-arte-y-arquitectura\/","title":{"rendered":"El Palacio de Bellas Artes. Historia, arte y arquitectura."},"content":{"rendered":"<div class=\"wpb-content-wrapper\">[vc_row][vc_column width=&#8221;1\/2&#8243;][gsf_gallery image_size=&#8221;full&#8221; columns=&#8221;1&#8243; columns_md=&#8221;1&#8243; columns_sm=&#8221;1&#8243; columns_xs=&#8221;1&#8243; columns_mb=&#8221;1&#8243; el_class=&#8221;&#8221; images=&#8221;34005&#8243;][\/vc_column][vc_column width=&#8221;1\/2&#8243;][gsf_heading title_font_size=&#8221;48&#8243; sub_title_font_size=&#8221;14&#8243; text_align=&#8221;text-left&#8221; el_class=&#8221;&#8221;]Uno de los recintos m\u00e1s emblem\u00e1ticos de la Ciudad de M\u00e9xico presenta interesantes contextos hist\u00f3ricos y arquitect\u00f3nicos que lo posicionan como un orgullo nacional. Su historia est\u00e1 llena de condiciones sociales de la \u00e9poca relacionadas con su construcci\u00f3n que a continuaci\u00f3n les platicaremos.<\/p>\n<p>&nbsp;<\/p>\n<p>Con motivo de la celebraci\u00f3n para el centenario del inicio de la Independencia de M\u00e9xico, el entonces gobernador Porfirio D\u00edaz daba la orden \u2014por el inter\u00e9s de demostrar la prosperidad de su gobierno\u2014 de proyectar un nuevo edificio, un Teatro Nacional.<\/p>\n<p>Este importante proyecto se le encarg\u00f3 al arquitecto italiano Adamo Boari en 1901, bajo la premisa de concretar las ideas del general. Para el a\u00f1o de 1904 el arquitecto Boari hacia entrega de 18 primeros planos y as\u00ed dar inicio con las excavaciones \u2014demoliendo al entonces Teatro Santa Anna construido en 1842\u2014.<\/p>\n<p>Para el dise\u00f1o del recinto el arquitecto Boari se acopl\u00f3 al crecimiento que empezaba a tener la entonces Ciudad de M\u00e9xico, un concepto que proyectara la esencia mexicana, pero a la altura de los teatros europeos, siendo el resultado un edificio ecl\u00e9ctico mezclando los estilos Art Nouveau y Art Dec\u00f3.<\/p>\n<p>Dicha construcci\u00f3n estaba planeada entregarse en un lapso de 4 a\u00f1os \u2014tras el inicio de la revoluci\u00f3n, la crisis social y econ\u00f3mica del pa\u00eds, hicieron que Adamo regresara a su ciudad de origen\u2014 causa que alarg\u00f3 la construcci\u00f3n. Boari a pesar de que ya no se encontraba en M\u00e9xico estuvo mandando, desde Italia, planos, fotograf\u00edas y actualizaciones del proyecto.<\/p>\n<p>La construcci\u00f3n se abandon\u00f3 y su intento de seguir con la obra fue durante los a\u00f1os 1918 y 1919 a cargo del arquitecto Antonio Mu\u00f1oz durante la presidencial Venustiano Carranza. Una vez m\u00e1s, los problemas sociales y econ\u00f3micos hicieron que se pausara.<\/p>\n<p>Para 1930, el presidente Pascual Ortiz Rubio retom\u00f3 el trabajo, esta vez con la condici\u00f3n de que se respetara en lo posible los planes originales de Adamo Boari, que la conclusi\u00f3n fuera lo m\u00e1s econ\u00f3mica y que el recinto una vez terminado deber\u00eda responder a las condiciones sociales actuales y no s\u00f3lo para la elite, dando paso al espacio para la expresi\u00f3n art\u00edstica de todos los mexicanos, naciendo as\u00ed, el Palacio de Bellas Artes.<\/p>\n<p>&nbsp;<\/p>\n<p>El nuevo arquitecto a cargo fue Federico Mariscal, quien en todo el proceso acopl\u00f3 lo establecido con las nuevas tendencias, involucrando a dise\u00f1adores, escultores para todos los acabados y materiales que realzan la belleza de esta joya arquitect\u00f3nica.<\/p>\n<p>&nbsp;<\/p>\n<p><strong><em>Un dato curioso:<\/em><\/strong><em> El centro de la CDMX ha sufrido severos hundimientos y entre ellos, este recinto, que <\/em><em>comenz\u00f3 a manifestar subsidencia en 1907 y para 1921 ya se hab\u00eda hundido m\u00e1s de 1.80 m, incluso al d\u00eda de hoy se puede apreciar que el palacio se encuentra varios metros por debajo del nivel de la calle.<\/em><\/p>\n<p>&nbsp;<\/p>\n<p>Para nombrar al equipo completo de artistas y arquitectos que terminaron la construcci\u00f3n, describiremos partes del recinto en las que se enfocaron cada uno de ellos: en las fachadas se integraron cuatro grupos escult\u00f3ricos realizados por Andr\u00e9 Allar y Paul Gasq, que originalmente eran para el palacio legislativo. En las fachadas se utiliz\u00f3 m\u00e1rmol de Carrara Italia y mexicano de varias partes de la Rep\u00fablica.<\/p>\n<p>&nbsp;<\/p>\n<p>En las ornamentaciones centrales estuvo a cargo el artista Leonardo Bistolfi, los relieves de las fachadas laterales por el escultor Adamo Boari y el escultor G. Fiorenzo. Al interior en la sala de espect\u00e1culos se encuentra un plaf\u00f3n de cristal con autor\u00eda de D. Maroti.<\/p>\n<p>El gran tel\u00f3n antifuego \u2014\u00fanico en el mundo dentro de un teatro de \u00f3pera\u2014 con la imagen de los volcanes mexicanos: el Popocat\u00e9petl e Iztacc\u00edhuatl, tiene un peso de 24 toneladas y estuvo a cargo de la Casa Tiffany de Nueva York. Lo rodea un arco decorado con mosaicos titulado \u201cEl teatro a trav\u00e9s de las edades\u201d realizado por el h\u00fangaro Geza Marotti, as\u00ed como el vitral donde se representa a Apolo y las nueve musas. La maquinaria del escenario fue creada por el ingeniero A. Rosemberg de Alemania.<\/p>\n<p>&nbsp;<\/p>\n<p>Las esculturas que representan la armon\u00eda, el dolor, la felicidad, la paz y el amor son del italiano Leonardo Bistolfi y se pueden observar en la fachada principal. Al frente de la plaza del edificio se encuentran cuatro esculturas en forma de Pegaso realizadas por el catal\u00e1n Agust\u00edn Querol y que anteriormente hab\u00edan estado en el Z\u00f3calo.<\/p>\n<p>&nbsp;<\/p>\n<p>Por \u00faltimo, al interior en la cuarto pisos, se encuentran importantes obras del muralismo mexicano, en los cuales destacan: Diego Rivera, Jos\u00e9 Clemente Orozco, Siqueiros y Tamayo. Estos detalles y descripciones son los m\u00e1s sobresalientes.<\/p>\n<p>&nbsp;<\/p>\n<p>Ahora que conoces puntos importantes sobre el Palacio de Bellas Artes, seguro tendr\u00e1s m\u00e1s inter\u00e9s por conocer su arquitectura y ver todos estos detalles que te acabamos de mencionar.[\/gsf_heading][\/vc_column][\/vc_row]<\/p><\/div>\n","protected":false},"excerpt":{"rendered":"<p>Uno de los recintos m\u00e1s emblem\u00e1ticos de la Ciudad de M\u00e9xico presenta interesantes contextos hist\u00f3ricos y arquitect\u00f3nicos que lo posicionan como un orgullo nacional. Su historia est\u00e1 llena de condiciones sociales de la \u00e9poca relacionadas con su construcci\u00f3n que a continuaci\u00f3n les platicaremos.<\/p>\n","protected":false},"author":2,"featured_media":34005,"comment_status":"open","ping_status":"open","sticky":false,"template":"","format":"standard","meta":{"inline_featured_image":false,"footnotes":""},"categories":[18],"tags":[],"class_list":["post-34004","post","type-post","status-publish","format-standard","has-post-thumbnail","hentry","category-blog"],"_links":{"self":[{"href":"https:\/\/elmodo.mx\/en\/wp-json\/wp\/v2\/posts\/34004","targetHints":{"allow":["GET"]}}],"collection":[{"href":"https:\/\/elmodo.mx\/en\/wp-json\/wp\/v2\/posts"}],"about":[{"href":"https:\/\/elmodo.mx\/en\/wp-json\/wp\/v2\/types\/post"}],"author":[{"embeddable":true,"href":"https:\/\/elmodo.mx\/en\/wp-json\/wp\/v2\/users\/2"}],"replies":[{"embeddable":true,"href":"https:\/\/elmodo.mx\/en\/wp-json\/wp\/v2\/comments?post=34004"}],"version-history":[{"count":2,"href":"https:\/\/elmodo.mx\/en\/wp-json\/wp\/v2\/posts\/34004\/revisions"}],"predecessor-version":[{"id":34008,"href":"https:\/\/elmodo.mx\/en\/wp-json\/wp\/v2\/posts\/34004\/revisions\/34008"}],"wp:featuredmedia":[{"embeddable":true,"href":"https:\/\/elmodo.mx\/en\/wp-json\/wp\/v2\/media\/34005"}],"wp:attachment":[{"href":"https:\/\/elmodo.mx\/en\/wp-json\/wp\/v2\/media?parent=34004"}],"wp:term":[{"taxonomy":"category","embeddable":true,"href":"https:\/\/elmodo.mx\/en\/wp-json\/wp\/v2\/categories?post=34004"},{"taxonomy":"post_tag","embeddable":true,"href":"https:\/\/elmodo.mx\/en\/wp-json\/wp\/v2\/tags?post=34004"}],"curies":[{"name":"wp","href":"https:\/\/api.w.org\/{rel}","templated":true}]}}