{"id":33784,"date":"2023-01-25T13:06:32","date_gmt":"2023-01-25T19:06:32","guid":{"rendered":"https:\/\/elmodo.mx\/?p=33784"},"modified":"2023-01-25T13:06:32","modified_gmt":"2023-01-25T19:06:32","slug":"el-simbolo-de-la-paz","status":"publish","type":"post","link":"https:\/\/elmodo.mx\/en\/blog\/el-simbolo-de-la-paz\/","title":{"rendered":"El s\u00edmbolo de la paz"},"content":{"rendered":"<div class=\"wpb-content-wrapper\">[vc_row][vc_column width=&#8221;1\/2&#8243;][gsf_gallery layout_style=&#8221;carousel&#8221; image_size=&#8221;full&#8221; columns=&#8221;1&#8243; columns_md=&#8221;1&#8243; columns_sm=&#8221;1&#8243; columns_xs=&#8221;1&#8243; columns_mb=&#8221;1&#8243; el_class=&#8221;&#8221; images=&#8221;33785,33787&#8243;][\/vc_column][vc_column width=&#8221;1\/2&#8243;][gsf_heading title_font_size=&#8221;48&#8243; sub_title_font_size=&#8221;14&#8243; text_align=&#8221;text-left&#8221; el_class=&#8221;&#8221;]La representaci\u00f3n que se le ha dado al s\u00edmbolo de la \u201cPaz\u201d se ha mostrado de distintas formas, como lo son: la grulla de papel hecha de origami, las manos blancas, la planta de amapola, la bandera del arco\u00edris y la pipa de la paz, entre otras. Pero dos son las m\u00e1s populares y tienen una aconteciendo en com\u00fan, la segunda guerra mundial, misma que los populariz\u00f3 y de los cuales les platicaremos sus antecedentes.<\/p>\n<p>De estos s\u00edmbolos sobresalientes, la paloma blanca con una rama de olivo en el pico se reconoci\u00f3 internacionalmente en muchos pa\u00edses y culturas, su origen y significado parte de datos b\u00edblicos con la historia del Arca de No\u00e9, quien viaj\u00f3 en ella con su familia y todas las parejas de animales de cada especie. Tras 40 d\u00edas en los que no dej\u00f3 de llover, No\u00e9 sac\u00f3 a volar una paloma blanca con el fin de que trajera consigo alguna prueba de que hab\u00eda tierra firme, en efecto, al regreso el ave tra\u00eda una rama de olivo en el pico. Demostrando que se volver\u00eda a estar en paz despu\u00e9s del diluvio universal.<\/p>\n<p>Esta historia es la que se atribuye como dato m\u00e1s antiguo, pero es hasta el a\u00f1o de 1949 que realmente se empez\u00f3 a asociar a la paloma con el s\u00edmbolo de la paz. Esto por un congreso mundial que buscaba reunir los fragmentos rotos de la sociedad tras la Segunda Guerra Mundial en el cual Pablo Picasso particip\u00f3 dise\u00f1ando un cartel que ten\u00eda una paloma blanca.<\/p>\n<p>El segundo s\u00edmbolo emblem\u00e1tico fue creado y dise\u00f1ado por Gerald Holtom en 1958 un artista brit\u00e1nico \u2013 franc\u00e9s, quien fue un opositor constante durante la segunda guerra mundial. Este icono que tambi\u00e9n formo parte del movimiento hippie, tiene dos representaciones, la primera es la pata de una paloma que permite visualizar tres l\u00edneas abiertas apuntando hacia abajo y una vertical hacia arriba, misma que se encuentra dentro de un c\u00edrculo que representa la Tierra. La segunda versi\u00f3n y la cual Holtom coment\u00f3 que se inspir\u00f3 en el personaje principal de una emblem\u00e1tica pintura de Goya, \u201cLos fusilamientos del 3 de mayo\u201d en la que se aprecia a un hombre de pie extendido los brazos en forma de i griega esperando su muerte.<\/p>\n<p>Como dato interesante, el dise\u00f1o original de Gerald Holtom se encuentra en el Museo de la Paz de Bradford, Inglaterra.<\/p>\n<p>Con el fin de seguir fortaleciendo los ideales del tema, pero no menos importante. La Organizaci\u00f3n de las Naciones Unidas ONU promulg\u00f3 en el a\u00f1o de 1981 que el d\u00eda internacional de la paz ser\u00eda el d\u00eda 21 de septiembre. Comentaban en su asamblea que ser\u00eda con especial \u00e9nfasis en el desarrollo social y econ\u00f3mico, pero en diversas facetas, como la pobreza, el hambre, salud, educaci\u00f3n, igualdad de g\u00e9nero, justicia social e incluso incluyeron al medio ambiente.<\/p>\n<p>Muchos temas a tratar con un enfoque en paz mundial se pueden poner sobre la mesa. Pero debemos estar conscientes que falta camino por recorrer, ya que la violencia hoy en d\u00eda va en aumento en muchos pa\u00edses, guerras, narcotr\u00e1fico, el mismo gobierno. Pero, as\u00ed como el t\u00e9rmino de la segunda guerra mundial permiti\u00f3 tener estos emblem\u00e1ticos s\u00edmbolos, otros asuntos, con ayuda de uno y seguir luchando se puede vivir tranquilamente, en paz.[\/gsf_heading][\/vc_column][\/vc_row]<\/p><\/div>\n","protected":false},"excerpt":{"rendered":"<p>La representaci\u00f3n que se le ha dado al s\u00edmbolo de la \u201cPaz\u201d se ha mostrado de distintas formas, como lo son: la grulla de papel hecha de origami, las manos blancas, la planta de amapola, la bandera del arco\u00edris y la pipa de la paz, entre otras.<\/p>\n","protected":false},"author":2,"featured_media":33785,"comment_status":"open","ping_status":"open","sticky":false,"template":"","format":"standard","meta":{"inline_featured_image":false,"footnotes":""},"categories":[18],"tags":[],"class_list":["post-33784","post","type-post","status-publish","format-standard","has-post-thumbnail","hentry","category-blog"],"_links":{"self":[{"href":"https:\/\/elmodo.mx\/en\/wp-json\/wp\/v2\/posts\/33784","targetHints":{"allow":["GET"]}}],"collection":[{"href":"https:\/\/elmodo.mx\/en\/wp-json\/wp\/v2\/posts"}],"about":[{"href":"https:\/\/elmodo.mx\/en\/wp-json\/wp\/v2\/types\/post"}],"author":[{"embeddable":true,"href":"https:\/\/elmodo.mx\/en\/wp-json\/wp\/v2\/users\/2"}],"replies":[{"embeddable":true,"href":"https:\/\/elmodo.mx\/en\/wp-json\/wp\/v2\/comments?post=33784"}],"version-history":[{"count":2,"href":"https:\/\/elmodo.mx\/en\/wp-json\/wp\/v2\/posts\/33784\/revisions"}],"predecessor-version":[{"id":33790,"href":"https:\/\/elmodo.mx\/en\/wp-json\/wp\/v2\/posts\/33784\/revisions\/33790"}],"wp:featuredmedia":[{"embeddable":true,"href":"https:\/\/elmodo.mx\/en\/wp-json\/wp\/v2\/media\/33785"}],"wp:attachment":[{"href":"https:\/\/elmodo.mx\/en\/wp-json\/wp\/v2\/media?parent=33784"}],"wp:term":[{"taxonomy":"category","embeddable":true,"href":"https:\/\/elmodo.mx\/en\/wp-json\/wp\/v2\/categories?post=33784"},{"taxonomy":"post_tag","embeddable":true,"href":"https:\/\/elmodo.mx\/en\/wp-json\/wp\/v2\/tags?post=33784"}],"curies":[{"name":"wp","href":"https:\/\/api.w.org\/{rel}","templated":true}]}}