{"id":32931,"date":"2022-02-01T11:07:13","date_gmt":"2022-02-01T17:07:13","guid":{"rendered":"https:\/\/elmodo.mx\/?p=32931"},"modified":"2022-02-01T11:07:13","modified_gmt":"2022-02-01T17:07:13","slug":"el-mundo-existe-para-convertirse-en-libro","status":"publish","type":"post","link":"https:\/\/elmodo.mx\/en\/blog\/el-mundo-existe-para-convertirse-en-libro\/","title":{"rendered":"El mundo existe para convertirse en libro"},"content":{"rendered":"<div class=\"wpb-content-wrapper\">[vc_row][vc_column width=&#8221;1\/2&#8243;][gsf_gallery layout_style=&#8221;thumbnail&#8221; image_size=&#8221;full&#8221; columns=&#8221;3&#8243; columns_md=&#8221;2&#8243; columns_sm=&#8221;2&#8243; columns_xs=&#8221;1&#8243; columns_mb=&#8221;1&#8243; el_class=&#8221;&#8221; images=&#8221;32932,32940,32934,32936,32938&#8243;][\/vc_column][vc_column width=&#8221;1\/2&#8243;][gsf_heading title_font_size=&#8221;48&#8243; sub_title_font_size=&#8221;14&#8243; text_align=&#8221;text-left&#8221; el_class=&#8221;&#8221;]St\u00e9phane Mallarm\u00e9 y M\u00eda Couto reciben al visitante con sus interpretaciones del mundo como un texto, como un libro de voces. Voces que fabulan para ahuyentar la oscuridad, dice Irene Vallejo, resaltando as\u00ed la importancia del libro como objeto que permanece en la historia de la humanidad.<\/p>\n<p>&nbsp;<\/p>\n<p>A modo de introducci\u00f3n en la primera sala, Pablo Neruda hace una <em>Oda a las cosas<\/em>, que como Borges en <em>Las cosas<\/em>, deja sentir la nostalgia y apego por cosas que aunque simples, nos significan y o sobreviven; tambi\u00e9n Octavio Paz, en homenaje al artista norteamericano Joseph Cornell, se\u00f1ala c\u00f3mo las cajas del artista son \u201cMonumentos a cada momento\u201d.<\/p>\n<p>&nbsp;<\/p>\n<p>Plumas, tintas, pinceles e instrumentos de la escritura acompa\u00f1an a Ana Mar\u00eda Shua, ganadora del Premio iberoamericano de minificci\u00f3n Juan Jos\u00e9 Arreola en 2016 y a Murasaki Shikibu, de quien Marguerite Yourcenar la llam\u00f3: \u201cla mayor escritora de la historia\u201d, autora de la novela m\u00e1s antigua de la literatura japonesa, quienes nos revelan sus deseos y posibilidades de escribir y ser correspondidas.<\/p>\n<p>\u201cLa m\u00e1quina de escribir se atreve por donde la mano no se aventura\u201d, dice Jos\u00e9 Emilio Pacheco, que al lado de Pedro Salinas y Fabio Mor\u00e1bito nos cuentan sobre la Underwood, la Remington, la Smith Corona.[\/gsf_heading][\/vc_column][\/vc_row]<\/p><\/div>\n","protected":false},"excerpt":{"rendered":"<p>St\u00e9phane Mallarm\u00e9 y M\u00eda Couto reciben al visitante con sus interpretaciones del mundo como un texto, como un libro de voces. Voces que fabulan para ahuyentar la oscuridad, dice Irene Vallejo, resaltando as\u00ed la importancia del libro&#8230;<\/p>\n","protected":false},"author":2,"featured_media":32932,"comment_status":"open","ping_status":"open","sticky":false,"template":"","format":"standard","meta":{"inline_featured_image":false,"footnotes":""},"categories":[18],"tags":[],"class_list":["post-32931","post","type-post","status-publish","format-standard","has-post-thumbnail","hentry","category-blog"],"_links":{"self":[{"href":"https:\/\/elmodo.mx\/en\/wp-json\/wp\/v2\/posts\/32931","targetHints":{"allow":["GET"]}}],"collection":[{"href":"https:\/\/elmodo.mx\/en\/wp-json\/wp\/v2\/posts"}],"about":[{"href":"https:\/\/elmodo.mx\/en\/wp-json\/wp\/v2\/types\/post"}],"author":[{"embeddable":true,"href":"https:\/\/elmodo.mx\/en\/wp-json\/wp\/v2\/users\/2"}],"replies":[{"embeddable":true,"href":"https:\/\/elmodo.mx\/en\/wp-json\/wp\/v2\/comments?post=32931"}],"version-history":[{"count":2,"href":"https:\/\/elmodo.mx\/en\/wp-json\/wp\/v2\/posts\/32931\/revisions"}],"predecessor-version":[{"id":32943,"href":"https:\/\/elmodo.mx\/en\/wp-json\/wp\/v2\/posts\/32931\/revisions\/32943"}],"wp:featuredmedia":[{"embeddable":true,"href":"https:\/\/elmodo.mx\/en\/wp-json\/wp\/v2\/media\/32932"}],"wp:attachment":[{"href":"https:\/\/elmodo.mx\/en\/wp-json\/wp\/v2\/media?parent=32931"}],"wp:term":[{"taxonomy":"category","embeddable":true,"href":"https:\/\/elmodo.mx\/en\/wp-json\/wp\/v2\/categories?post=32931"},{"taxonomy":"post_tag","embeddable":true,"href":"https:\/\/elmodo.mx\/en\/wp-json\/wp\/v2\/tags?post=32931"}],"curies":[{"name":"wp","href":"https:\/\/api.w.org\/{rel}","templated":true}]}}