{"id":32900,"date":"2022-01-18T12:00:33","date_gmt":"2022-01-18T18:00:33","guid":{"rendered":"https:\/\/elmodo.mx\/?p=32900"},"modified":"2022-01-18T12:07:26","modified_gmt":"2022-01-18T18:07:26","slug":"mexico-aviones-y-nuestro-cielito-lindo","status":"publish","type":"post","link":"https:\/\/elmodo.mx\/en\/blog\/mexico-aviones-y-nuestro-cielito-lindo\/","title":{"rendered":"M\u00e9xico, aviones y nuestro cielito lindo"},"content":{"rendered":"<div class=\"wpb-content-wrapper\">[vc_row][vc_column width=&#8221;1\/2&#8243;][gsf_gallery layout_style=&#8221;carousel&#8221; image_size=&#8221;full&#8221; columns=&#8221;1&#8243; columns_md=&#8221;1&#8243; columns_sm=&#8221;3&#8243; columns_xs=&#8221;1&#8243; columns_mb=&#8221;1&#8243; el_class=&#8221;&#8221; images=&#8221;32905,32907,32901,32903,32911,32909&#8243;][\/vc_column][vc_column width=&#8221;1\/2&#8243;][gsf_heading title_font_size=&#8221;48&#8243; sub_title_font_size=&#8221;14&#8243; text_align=&#8221;text-left&#8221;]Volar es para muchos una experiencia \u00fanica e irrepetible que quisi\u00e9ramos disfrutar con mayor frecuencia. Dominar los cielos fue una tarea dif\u00edcil para la humanidad, el simple hecho de pensar en los distintos retos que hemos enfrentado para lograr construir m\u00e1quinas que puedan despegarse del piso, nos hace llenarnos de emoci\u00f3n y querer saber m\u00e1s sobre este objeto que se desplaza por los aires. Esta ocasi\u00f3n te hablaremos un poco sobre el primer vuelo y la aviaci\u00f3n en nuestro pa\u00eds, as\u00ed que abrochen sus cinturones y que tengan un buen viaje.<\/p>\n<p>La historia del avi\u00f3n empieza en Estados Unidos con la nave de los hermanos Wright, el &#8220;Wright Flyer III&#8221; que realiz\u00f3 el primer vuelo, y aunque s\u00f3lo duro 12 segundos y recorri\u00f3 36 metros represent\u00f3 una marca sensacional para 1903 y fue un suceso que dio inicio a la aviaci\u00f3n mundial. Desde entonces, diferentes personalidades se enfocaron en crear naves con mayores capacidades para lograr ir m\u00e1s alto y m\u00e1s lejos.<\/p>\n<p>Historia de la aviaci\u00f3n en M\u00e9xico<\/p>\n<p>Nuestro pa\u00eds tuvo que esperar algunos a\u00f1os para poder emprender la carrera por los aires, fue el 8 de enero de 1910, cuando el piloto Alberto Braniff y su equipo lograron sobrevolar los campos de la colonia Balbuena en la aeronave biplaza Voisin y aunque muchos imaginamos que este tuvo que ser un gran evento, la verdad es que no logr\u00f3 captar la atenci\u00f3n de muchas personas, quiz\u00e1 por los acontecimientos hist\u00f3ricos que atravesaba nuestro pa\u00eds. Sin embargo apenas podemos pensar en lo asombrados que tuvieron que estar los que llegaron a ver la nave por los cielos.<\/p>\n<p>Con el primer vuelo ya registrado, ser parte de la historia aeron\u00e1utica fue un atractivo que llen\u00f3 las pistas y los talleres de personas con poder adquisitivo que deseaban tener un avi\u00f3n para fines lucrativos o placenteros, fue tanta la demanda que el presidente en turno Francisco I. Madero tambi\u00e9n alcanz\u00f3 los cielos en 1911. Con el auge de la aviaci\u00f3n, el presidente otorg\u00f3 becas para que algunas personas estudiaran en Estados Unidos, con la finalidad de traer conocimiento a\u00e9reo a nuestro pa\u00eds.<\/p>\n<p>De los eventos m\u00e1s significativos para\u00a0la aeron\u00e1utica en M\u00e9xico tenemos la creaci\u00f3n de Talleres Nacionales de Construcciones Aeron\u00e1uticas de Balbuena, compa\u00f1\u00eda creada en 1915, durante el gobierno de Venustiano Carranza, que realiz\u00f3 un excelente trabajo al construir y arreglar aviones para nuestra naci\u00f3n. Tenemos que mencionar que la primera aeronave totalmente mexicana se construy\u00f3 en 1912 y llev\u00f3 por nombre \u201cLatinoam\u00e9rica\u201d.<\/p>\n<p>Otro evento destacado fue la fundaci\u00f3n de la Escuela Nacional de Aviaci\u00f3n en 1915 que obtuvo la categor\u00eda de fuerza armada el 10 de febrero de 1944,esta instituci\u00f3n prove\u00eda de pilotos y mec\u00e1nicos a la naci\u00f3n, de aqu\u00ed surgi\u00f3 el escuadr\u00f3n 201, que form\u00f3 parte de la alianza norteamericana en la segunda guerra mundial.<\/p>\n<p>Actualmente M\u00e9xico cuenta con aviones comerciales y de defensa con tecnolog\u00eda impresionante, la Fuerza A\u00e9rea Mexicana ha renovado sus aviones, ya que s\u00f3lo cuenta con el 32% de capacidad para la cobertura a\u00e9rea. Lo que es un hecho es que hemos logrado grandes cosas para alcanzar los cielos y dominar estos objetos con gran habilidad, ubic\u00e1ndonos as\u00ed en la historia mundial de la aviaci\u00f3n.<\/p>\n<p>\u00bfY a ti, que es lo que m\u00e1s te gusta de los aviones?[\/gsf_heading][\/vc_column][\/vc_row]<\/p><\/div>\n","protected":false},"excerpt":{"rendered":"<p>Volar es para muchos una experiencia \u00fanica e irrepetible que quisi\u00e9ramos disfrutar con mayor frecuencia. Dominar los cielos fue una tarea dif\u00edcil&#8230;<\/p>\n","protected":false},"author":2,"featured_media":32905,"comment_status":"open","ping_status":"open","sticky":false,"template":"","format":"standard","meta":{"inline_featured_image":false,"footnotes":""},"categories":[18],"tags":[],"class_list":["post-32900","post","type-post","status-publish","format-standard","has-post-thumbnail","hentry","category-blog"],"_links":{"self":[{"href":"https:\/\/elmodo.mx\/en\/wp-json\/wp\/v2\/posts\/32900","targetHints":{"allow":["GET"]}}],"collection":[{"href":"https:\/\/elmodo.mx\/en\/wp-json\/wp\/v2\/posts"}],"about":[{"href":"https:\/\/elmodo.mx\/en\/wp-json\/wp\/v2\/types\/post"}],"author":[{"embeddable":true,"href":"https:\/\/elmodo.mx\/en\/wp-json\/wp\/v2\/users\/2"}],"replies":[{"embeddable":true,"href":"https:\/\/elmodo.mx\/en\/wp-json\/wp\/v2\/comments?post=32900"}],"version-history":[{"count":5,"href":"https:\/\/elmodo.mx\/en\/wp-json\/wp\/v2\/posts\/32900\/revisions"}],"predecessor-version":[{"id":32917,"href":"https:\/\/elmodo.mx\/en\/wp-json\/wp\/v2\/posts\/32900\/revisions\/32917"}],"wp:featuredmedia":[{"embeddable":true,"href":"https:\/\/elmodo.mx\/en\/wp-json\/wp\/v2\/media\/32905"}],"wp:attachment":[{"href":"https:\/\/elmodo.mx\/en\/wp-json\/wp\/v2\/media?parent=32900"}],"wp:term":[{"taxonomy":"category","embeddable":true,"href":"https:\/\/elmodo.mx\/en\/wp-json\/wp\/v2\/categories?post=32900"},{"taxonomy":"post_tag","embeddable":true,"href":"https:\/\/elmodo.mx\/en\/wp-json\/wp\/v2\/tags?post=32900"}],"curies":[{"name":"wp","href":"https:\/\/api.w.org\/{rel}","templated":true}]}}