{"id":32178,"date":"2021-07-06T17:34:12","date_gmt":"2021-07-06T22:34:12","guid":{"rendered":"https:\/\/elmodo.mx\/?p=32178"},"modified":"2021-07-06T17:34:12","modified_gmt":"2021-07-06T22:34:12","slug":"potestades-y-libertades","status":"publish","type":"post","link":"https:\/\/elmodo.mx\/en\/blog\/potestades-y-libertades\/","title":{"rendered":"Potestades y libertades"},"content":{"rendered":"<div class=\"wpb-content-wrapper\">[vc_row][vc_column width=&#8221;1\/2&#8243;][gsf_gallery layout_style=&#8221;metro-03&#8243; el_class=&#8221;&#8221; images=&#8221;32179,32181,32183,32185,32187,32189,32191,32197,32199,32201&#8243;][\/vc_column][vc_column width=&#8221;1\/2&#8243;][gsf_heading title_font_size=&#8221;48&#8243; sub_title_font_size=&#8221;14&#8243; text_align=&#8221;text-left&#8221; el_class=&#8221;&#8221;]El centro de la Ciudad de M\u00e9xico, y en particular el Z\u00f3calo capitalino, concentra los poderes que rigen la naci\u00f3n. Desde los fundacionales como el Templo Mayor donde se adoraba a Huitzilopochtli y otras deidades, hasta los contempor\u00e1neos como Palacio Nacional desde donde actualmente gobierna el presidente.<\/p>\n<p>&nbsp;<\/p>\n<p>Z\u00f3calo es el t\u00e9rmino coloquial para referirse a la Plaza de la Constituci\u00f3n, llamada as\u00ed por ser la plaza donde se jur\u00f3 la Constituci\u00f3n de C\u00e1diz en 1813. Este mote se debe al pedestal instalado en el centro de la plaza por el arquitecto Lorenzo de la Hidalga en 1843 para sostener un monumento que nunca vio la luz, pero cuya base permaneci\u00f3 durante a\u00f1os.\u00a0 Esta plaza rectangular, una de las m\u00e1s grandes del mundo con aproximadamente 440,000 metros cuadrados, est\u00e1 rodeada por Palacio Nacional, sede del poder ejecutivo; el Antiguo Palacio del Ayuntamiento, actual Jefatura de Gobierno de la Ciudad de M\u00e9xico; el Nacional Monte de Piedad, casa de empe\u00f1o, y la catedral metropolitana, asentada en el siglo XVI por ser esta plaza el centro de comercio m\u00e1s importante de la ciudad ergo donde se pod\u00eda conseguir m\u00e1s poblaci\u00f3n susceptible a la conversi\u00f3n cat\u00f3lica. A unas calles hacia el oeste, se encuentra la Asamblea Legislativa de la Ciudad de M\u00e9xico y el Banco de M\u00e9xico. Tenemos concentrados, en un solo cuadro del Centro Hist\u00f3rico, al poder federal, local, eclesi\u00e1stico, prehisp\u00e1nico y econ\u00f3mico tanto institucional (Banco de M\u00e9xico), como vern\u00e1culo (comercio informal).<\/p>\n<p>&nbsp;<\/p>\n<p>El Z\u00f3calo ha sido escenario de enfrentamientos militares, intervenciones extranjeras, acontecimientos hist\u00f3ricos, culturales y pol\u00edticos como la entrada de Francisco Villa y Emiliano Zapata por Avenida 5 de mayo, la visita del Ej\u00e9rcito Zapatista de Liberaci\u00f3n Nacional, conmemoraciones c\u00edvicas, actos presidenciales y visitas de estado. Tambi\u00e9n ha sido el espacio en el que la sociedad ha interpelado al poder para obtener derechos y libertades de grupos como ferrocarrileros, obreros, m\u00e9dicos, maestros, estudiantes, y causas como la feminista y el respeto a la diversidad sexual.<\/p>\n<p>&nbsp;<\/p>\n<p>El espacio de concentraci\u00f3n masiva como concebimos el Z\u00f3calo en los \u00faltimos cincuenta a\u00f1os se debe al quiebre sucedido en 1968 por el movimiento de estudiantes que tomaron el Z\u00f3calo en un momento en que la ley de sedici\u00f3n del presidente Gustavo D\u00edaz Ordaz condenaba la reuni\u00f3n de m\u00e1s de tres personas en el espacio p\u00fablico. Este grupo de j\u00f3venes hace suya esta plaza en el coraz\u00f3n del pa\u00eds y a partir de ese momento ser\u00e1 el lugar de todos. Durante la administraci\u00f3n de Cuauht\u00e9moc C\u00e1rdenas y con Alejandro Aura en el Instituto de Cultura del Gobierno de la Ciudad de M\u00e9xico, se inauguran los conciertos gratuitos en el Z\u00f3calo bajo el lema \u201cLa calle es de todos\u201d desde Manu Chao hasta Juan Gabriel, pasando por Paul McCartney y Caf\u00e9 Tacuba, concentrando hasta 210,000 personas y convirti\u00e9ndolo en un lugar de celebraci\u00f3n popular.[\/gsf_heading][\/vc_column][\/vc_row]<\/p><\/div>\n","protected":false},"excerpt":{"rendered":"<p>El centro de la Ciudad de M\u00e9xico, y en particular el Z\u00f3calo capitalino, concentra los poderes que rigen la naci\u00f3n. Desde los fundacionales como el Templo Mayor donde se adoraba a Huitzilopochtli y otras deidades, hasta los contempor\u00e1neos como Palacio Nacional desde donde actualmente gobierna el presidente&#8230;<\/p>\n","protected":false},"author":2,"featured_media":32197,"comment_status":"open","ping_status":"open","sticky":false,"template":"","format":"standard","meta":{"inline_featured_image":false,"footnotes":""},"categories":[18],"tags":[],"class_list":["post-32178","post","type-post","status-publish","format-standard","has-post-thumbnail","hentry","category-blog"],"_links":{"self":[{"href":"https:\/\/elmodo.mx\/en\/wp-json\/wp\/v2\/posts\/32178","targetHints":{"allow":["GET"]}}],"collection":[{"href":"https:\/\/elmodo.mx\/en\/wp-json\/wp\/v2\/posts"}],"about":[{"href":"https:\/\/elmodo.mx\/en\/wp-json\/wp\/v2\/types\/post"}],"author":[{"embeddable":true,"href":"https:\/\/elmodo.mx\/en\/wp-json\/wp\/v2\/users\/2"}],"replies":[{"embeddable":true,"href":"https:\/\/elmodo.mx\/en\/wp-json\/wp\/v2\/comments?post=32178"}],"version-history":[{"count":2,"href":"https:\/\/elmodo.mx\/en\/wp-json\/wp\/v2\/posts\/32178\/revisions"}],"predecessor-version":[{"id":32204,"href":"https:\/\/elmodo.mx\/en\/wp-json\/wp\/v2\/posts\/32178\/revisions\/32204"}],"wp:featuredmedia":[{"embeddable":true,"href":"https:\/\/elmodo.mx\/en\/wp-json\/wp\/v2\/media\/32197"}],"wp:attachment":[{"href":"https:\/\/elmodo.mx\/en\/wp-json\/wp\/v2\/media?parent=32178"}],"wp:term":[{"taxonomy":"category","embeddable":true,"href":"https:\/\/elmodo.mx\/en\/wp-json\/wp\/v2\/categories?post=32178"},{"taxonomy":"post_tag","embeddable":true,"href":"https:\/\/elmodo.mx\/en\/wp-json\/wp\/v2\/tags?post=32178"}],"curies":[{"name":"wp","href":"https:\/\/api.w.org\/{rel}","templated":true}]}}