{"id":32125,"date":"2021-07-02T10:28:11","date_gmt":"2021-07-02T15:28:11","guid":{"rendered":"https:\/\/elmodo.mx\/?p=32125"},"modified":"2021-07-02T10:28:11","modified_gmt":"2021-07-02T15:28:11","slug":"telefono-descompuesto","status":"publish","type":"post","link":"https:\/\/elmodo.mx\/en\/blog\/telefono-descompuesto\/","title":{"rendered":"Tel\u00e9fono descompuesto"},"content":{"rendered":"<div class=\"wpb-content-wrapper\">[vc_row][vc_column width=&#8221;1\/2&#8243;][gsf_gallery layout_style=&#8221;carousel&#8221; image_size=&#8221;full&#8221; columns=&#8221;1&#8243; columns_md=&#8221;1&#8243; columns_sm=&#8221;1&#8243; columns_xs=&#8221;1&#8243; columns_mb=&#8221;1&#8243; el_class=&#8221;&#8221; images=&#8221;32126,32128&#8243;][\/vc_column][vc_column width=&#8221;1\/2&#8243;][gsf_heading title_font_size=&#8221;48&#8243; sub_title_font_size=&#8221;14&#8243; text_align=&#8221;text-left&#8221; el_class=&#8221;&#8221;]La historia del tel\u00e9fono es sin duda pol\u00e9mica, ya sea por\u00a0 el primer mensaje que se logr\u00f3 transmitir en los prototipos r\u00fasticos o por qui\u00e9n realmente fue el creador de este grandioso invento. Hoy en este espacio colgamos nuestras dudas y atendemos la llamada de la historia para descubrir las maravillas de este objeto.<\/p>\n<p>&nbsp;<\/p>\n<p>Graham Bell\u00a0fue considerado por 143 a\u00f1os el padre del tel\u00e9fono, su trabajo revolucion\u00f3 el mundo y la forma en que hoy en d\u00eda nos comunicamos, sin embargo, su aportaci\u00f3n no fue la primera para construir un aparato capaz de transmitir mensajes. El 11 de junio de 2002 la historia se reescribi\u00f3, el Congreso de los Estados Unidos reconoci\u00f3 a Antonio Meucci como el inventor del tel\u00e9fono a quien \u00e9l llamaba telettrofono un aparato que lo comunicaba de su taller al cuarto de su esposa. Meucci p\u00fablico sus avances\u00a0en 1854, sin ser reconocido debido a no poder pagar los 10 d\u00f3lares para su patente, a causa de la gran escasez econ\u00f3mica en la que se encontraba.<\/p>\n<p>&nbsp;<\/p>\n<p>Tan incre\u00edble como ajustada es la historia del tel\u00e9fono que los nombres de Graham Bell\u00a0y Antonio Meucci no son los \u00fanicos en\u00a0 esta compleja ecuaci\u00f3n, tambi\u00e9n tenemos que tomar en cuenta a <a href=\"https:\/\/en.wikipedia.org\/wiki\/Elisha_Gray\">Elisha Gray<\/a> un ingeniero que curiosamente patent\u00f3 su prototipo un 14 de febrero de 1876 el mismo d\u00eda que lo hizo Bell, de aqu\u00ed nace una curiosa sospecha de plagio entre ambos trabajos que llev\u00f3 cientos de veces el tema a las cortes de justicia.<\/p>\n<p>&nbsp;<\/p>\n<p>\u201c<em>Se\u00f1or Watson, venga aqu\u00ed. Quiero verle<\/em>\u201d fueron las primeras palabras reconocidas que se escucharon por una l\u00ednea telef\u00f3nica el 10 de marzo de\u00a01876 dichas por Graham Bell\u00a0a Thomas Watson, en una llamada de habitaci\u00f3n a habitaci\u00f3n. Sin embargo existe una frase m\u00e1s extravagante que qued\u00f3 registrada para las curiosidades de este objeto y se gener\u00f3 por Johann Philipp Reis \u00a0\u201cEl caballo no come ensalada de pepino\u201d al igual que la pelea por el reconocimiento oficial del creador del tel\u00e9fono, existe una fuerte pelea por cu\u00e1l de estas dos frases es la primera en ser transmitida, lo que s\u00ed es oficial es que Johann Philipp Reis acu\u00f1\u00f3 el nombre de \u201ctel\u00e9fono\u201d por primera vez, sin embargo su trabajo y trasmisiones perdieron importancia por su prototipo incompleto.<\/p>\n<p>&nbsp;<\/p>\n<p>Es incre\u00edble c\u00f3mo pasamos de tel\u00e9fonos r\u00fasticos a complejas m\u00e1quinas para comunicarnos, la distancia y el tiempo fue aumentando hasta crear dispositivos port\u00e1tiles con caracter\u00edsticas maravillosas que nos ayudan d\u00eda a d\u00eda a nuestras labores cotidianas, hablamos de los <em>smartphones<\/em>, que forman parte de la historia actual del tel\u00e9fono y que sigue transform\u00e1ndonos y super\u00e1ndose a\u00f1o con a\u00f1o.<\/p>\n<p>&nbsp;<\/p>\n<p>\u00bfSab\u00edas qu\u00e9?<\/p>\n<p>En 1973 Martin Cooper un ingeniero de la compa\u00f1\u00eda Motorola realiz\u00f3 la primera llamada desde un dispositivo m\u00f3vil de la historia.<\/p>\n<p>&nbsp;<\/p>\n<p>Ahora que sabemos un poco m\u00e1s del tel\u00e9fono queremos escucharte, cu\u00e9ntanos \u00bfCu\u00e1l fue el primer dispositivo que utilizaste para comunicarte y que caracter\u00edsticas ten\u00eda? Es hora de colgar esta historia y seguir investigando m\u00e1s objetos.[\/gsf_heading][\/vc_column][\/vc_row]<\/p><\/div>\n","protected":false},"excerpt":{"rendered":"<p>La historia del tel\u00e9fono es sin duda pol\u00e9mica, ya sea por  el primer mensaje que se logr\u00f3 transmitir en los prototipos r\u00fasticos o por qui\u00e9n realmente fue el creador de este grandioso invento. Hoy en este espacio colgamos nuestras dudas y atendemos la llamada de la historia para descubrir las maravillas de este objeto&#8230;<\/p>\n","protected":false},"author":2,"featured_media":32128,"comment_status":"open","ping_status":"open","sticky":false,"template":"","format":"standard","meta":{"inline_featured_image":false,"footnotes":""},"categories":[18],"tags":[],"class_list":["post-32125","post","type-post","status-publish","format-standard","has-post-thumbnail","hentry","category-blog"],"_links":{"self":[{"href":"https:\/\/elmodo.mx\/en\/wp-json\/wp\/v2\/posts\/32125","targetHints":{"allow":["GET"]}}],"collection":[{"href":"https:\/\/elmodo.mx\/en\/wp-json\/wp\/v2\/posts"}],"about":[{"href":"https:\/\/elmodo.mx\/en\/wp-json\/wp\/v2\/types\/post"}],"author":[{"embeddable":true,"href":"https:\/\/elmodo.mx\/en\/wp-json\/wp\/v2\/users\/2"}],"replies":[{"embeddable":true,"href":"https:\/\/elmodo.mx\/en\/wp-json\/wp\/v2\/comments?post=32125"}],"version-history":[{"count":3,"href":"https:\/\/elmodo.mx\/en\/wp-json\/wp\/v2\/posts\/32125\/revisions"}],"predecessor-version":[{"id":32132,"href":"https:\/\/elmodo.mx\/en\/wp-json\/wp\/v2\/posts\/32125\/revisions\/32132"}],"wp:featuredmedia":[{"embeddable":true,"href":"https:\/\/elmodo.mx\/en\/wp-json\/wp\/v2\/media\/32128"}],"wp:attachment":[{"href":"https:\/\/elmodo.mx\/en\/wp-json\/wp\/v2\/media?parent=32125"}],"wp:term":[{"taxonomy":"category","embeddable":true,"href":"https:\/\/elmodo.mx\/en\/wp-json\/wp\/v2\/categories?post=32125"},{"taxonomy":"post_tag","embeddable":true,"href":"https:\/\/elmodo.mx\/en\/wp-json\/wp\/v2\/tags?post=32125"}],"curies":[{"name":"wp","href":"https:\/\/api.w.org\/{rel}","templated":true}]}}