{"id":31739,"date":"2021-06-10T12:59:54","date_gmt":"2021-06-10T17:59:54","guid":{"rendered":"https:\/\/elmodo.mx\/?p=31739"},"modified":"2021-06-10T13:00:17","modified_gmt":"2021-06-10T18:00:17","slug":"el-afeitado-perfecto","status":"publish","type":"post","link":"https:\/\/elmodo.mx\/en\/blog\/el-afeitado-perfecto\/","title":{"rendered":"\u00a1El afeitado perfecto!"},"content":{"rendered":"<div class=\"wpb-content-wrapper\">[vc_row][vc_column width=&#8221;1\/2&#8243;][gsf_gallery layout_style=&#8221;carousel&#8221; image_size=&#8221;full&#8221; columns=&#8221;1&#8243; columns_md=&#8221;1&#8243; columns_sm=&#8221;1&#8243; columns_xs=&#8221;1&#8243; columns_mb=&#8221;1&#8243; el_class=&#8221;&#8221; images=&#8221;31740,31742&#8243;][\/vc_column][vc_column width=&#8221;1\/2&#8243;][gsf_heading title_font_size=&#8221;48&#8243; sub_title_font_size=&#8221;14&#8243; text_align=&#8221;text-left&#8221; el_class=&#8221;&#8221;]<span style=\"font-size: 12.0pt;\">Corta, larga, natural, te\u00f1ida, con o sin bigote, la historia de la barba recobra en la actualidad una gran importancia. Debido a la popularidad que ha adquirido entre las personas, miles de barber\u00edas han recobrado vida, imprimiendo estilos \u00fanicos en sus usuarios que cada d\u00eda buscan maneras m\u00e1s est\u00e9ticas para el cuidado de su vello facial, pero, \u00bfDe d\u00f3nde surge este ritual y cu\u00e1les fueron los primeros utensilios que se utilizaron para su cuidado y mantenimiento?<\/span><\/p>\n<p><span style=\"font-size: 12.0pt;\">Para contestar estas preguntas tenemos que viajar a la edad de piedra que, aunque es dif\u00edcil de creer, nuestros antepasados tambi\u00e9n cuidaban su aspecto, es incre\u00edble imaginarnos rudimentarias piedras que serv\u00edan como rastrillo para quitar esas largas barbas, una cuesti\u00f3n nada c\u00f3moda.<\/span><\/p>\n<p><span style=\"font-size: 12.0pt;\">Cuando nos referimos al cuidado personal no podemos dejar de mencionar a una de las civilizaciones que cuidaron este aspecto de una manera minuciosa, nos referimos a los egipcios, quienes adornaban sus barbas en ceremonias importantes, aunque realmente lo com\u00fan era ver a los hombres sin cabello, bigote y barba, pues se cre\u00eda que un rostro sin vello representaba una mayor limpieza.<\/span><\/p>\n<p><span style=\"font-size: 12.0pt;\">Para otras culturas como la antigua Grecia la barba fue una importante muestra de estatus, los estudios sobre esta interesante civilizaci\u00f3n muestran que personajes, como los sabios de la \u00e9poca, dejaban crecer su vello facial de una forma abundante.<\/span><\/p>\n<p><span style=\"font-size: 12.0pt;\">La barba siempre ha estado presente y la rebeld\u00eda caracter\u00edstica de los a\u00f1os 60 con la corriente hippie le otorg\u00f3 la libertad de los c\u00e1nones est\u00e9ticos que muchos adoptaron para dejar crecer su bello facial de forma casual y hasta rebelde. Actualmente la barba se puede llevas de muchas formas y por lo mismo hemos visto crecer negocios referentes a su cuidado est\u00e9tico, las barber\u00edas son cosa del presente.<\/span><\/p>\n<p><span style=\"font-size: 12.0pt;\">\u00bfY c\u00f3mo pasamos de las piedras a la afeitadora?<\/span><\/p>\n<p><span style=\"font-size: 12.0pt;\">Gillette, esta marca fue una de las primeras en crear cuchillas que ayudaban a los barberos a cuidar la piel; para ser precisos, m\u00e1s de 100 a\u00f1os de innovaci\u00f3n constante son el resultado de que hoy podamos disfrutar de rastrillos desechables. En 1900 fue el a\u00f1o donde la marca dio a conocer su primera navaja, considerada una de las m\u00e1s dif\u00edciles de crear y por tal motivo se pens\u00f3 que no podr\u00eda ser comercializada, un a\u00f1o despu\u00e9s la marca no s\u00f3lo demuestra que es posible, sino que mejora su primer prototipo.<\/span><\/p>\n<p><span style=\"font-size: 12.0pt;\">Pero esta no es la \u00fanica empresa que ha hecho objetos para el cuidado personal, Phillips tambi\u00e9n ha creado innovadora tecnolog\u00eda que ha ayudado al ser humano en su vida en general. Por ejemplo, seguramente no sab\u00edas que llevaron a la luna una maquina rasuradora llamada MoonShave, en el viaje del Apolo 11.<\/span><\/p>\n<p><span style=\"font-size: 12.0pt;\">Ahora que sabemos un poco m\u00e1s sobre este artefacto que nos ayuda a tener un rostro m\u00e1s limpio, queremos que nos cuentes tus secretos sobre como cuidas tu barba y qu\u00e9 tipo de corte tienes, sea cual sea, estamos seguros que 2.5 millones de a\u00f1os de historia viven en tu cara y en tu afeitadora.<\/span>[\/gsf_heading][\/vc_column][\/vc_row]<\/div>\n","protected":false},"excerpt":{"rendered":"<p>Corta, larga, natural, te\u00f1ida, con o sin bigote, la historia de la barba recobra en la actualidad una gran importancia. Debido a la popularidad que ha adquirido entre las personas, miles de barber\u00edas han recobrado vida, imprimiendo estilos \u00fanicos en sus usuarios que cada d\u00eda buscan maneras m\u00e1s est\u00e9ticas para el cuidado de su vello facial, pero&#8230;<\/p>\n","protected":false},"author":2,"featured_media":31742,"comment_status":"open","ping_status":"open","sticky":false,"template":"","format":"standard","meta":{"inline_featured_image":false,"footnotes":""},"categories":[18],"tags":[],"class_list":["post-31739","post","type-post","status-publish","format-standard","has-post-thumbnail","hentry","category-blog"],"_links":{"self":[{"href":"https:\/\/elmodo.mx\/en\/wp-json\/wp\/v2\/posts\/31739","targetHints":{"allow":["GET"]}}],"collection":[{"href":"https:\/\/elmodo.mx\/en\/wp-json\/wp\/v2\/posts"}],"about":[{"href":"https:\/\/elmodo.mx\/en\/wp-json\/wp\/v2\/types\/post"}],"author":[{"embeddable":true,"href":"https:\/\/elmodo.mx\/en\/wp-json\/wp\/v2\/users\/2"}],"replies":[{"embeddable":true,"href":"https:\/\/elmodo.mx\/en\/wp-json\/wp\/v2\/comments?post=31739"}],"version-history":[{"count":2,"href":"https:\/\/elmodo.mx\/en\/wp-json\/wp\/v2\/posts\/31739\/revisions"}],"predecessor-version":[{"id":31745,"href":"https:\/\/elmodo.mx\/en\/wp-json\/wp\/v2\/posts\/31739\/revisions\/31745"}],"wp:featuredmedia":[{"embeddable":true,"href":"https:\/\/elmodo.mx\/en\/wp-json\/wp\/v2\/media\/31742"}],"wp:attachment":[{"href":"https:\/\/elmodo.mx\/en\/wp-json\/wp\/v2\/media?parent=31739"}],"wp:term":[{"taxonomy":"category","embeddable":true,"href":"https:\/\/elmodo.mx\/en\/wp-json\/wp\/v2\/categories?post=31739"},{"taxonomy":"post_tag","embeddable":true,"href":"https:\/\/elmodo.mx\/en\/wp-json\/wp\/v2\/tags?post=31739"}],"curies":[{"name":"wp","href":"https:\/\/api.w.org\/{rel}","templated":true}]}}