{"id":30693,"date":"2021-04-14T17:04:33","date_gmt":"2021-04-14T22:04:33","guid":{"rendered":"https:\/\/elmodo.mx\/?p=30693"},"modified":"2021-04-14T17:07:17","modified_gmt":"2021-04-14T22:07:17","slug":"los-mexicas-llegaron-ya","status":"publish","type":"post","link":"https:\/\/elmodo.mx\/en\/blog\/los-mexicas-llegaron-ya\/","title":{"rendered":"\u00a1Los mexicas llegaron ya!"},"content":{"rendered":"<div class=\"wpb-content-wrapper\">[vc_row][vc_column width=&#8221;1\/2&#8243;][gsf_gallery layout_style=&#8221;carousel&#8221; image_size=&#8221;full&#8221; columns=&#8221;1&#8243; columns_md=&#8221;1&#8243; columns_sm=&#8221;1&#8243; columns_xs=&#8221;1&#8243; columns_mb=&#8221;1&#8243; images=&#8221;30721,30731&#8243;][\/vc_column][vc_column width=&#8221;1\/2&#8243;][gsf_heading title_font_size=&#8221;48&#8243; sub_title_font_size=&#8221;14&#8243;]La imagen del \u00e1guila pos\u00e1ndose en un nopal y devorando una serpiente ha trascendido como imagen identitaria de una regi\u00f3n, primero, y una naci\u00f3n, despu\u00e9s, sin haber sido tocada por el p\u00e9talo de un cuestionamiento iconogr\u00e1fico, pero tampoco por la curiosidad del origen de esta imagen m\u00edtica. Desde la cr\u00f3nica de Fray Diego Dur\u00e1n del siglo XVI hasta la actualidad, la imagen ha servido para fines tan diversos como emblemas nacionales hasta souvenirs vern\u00e1culos que dotan de sentimiento de pertenencia a mexicanos en territorio nacional y extranjero.<\/p>\n<p>&nbsp;<\/p>\n<p>Interpretaciones y reinterpretaciones del mito fundacional y romantizaci\u00f3n del Valle de An\u00e1huac est\u00e1n presentes en la obra de artistas como Jes\u00fas Helguera a quien le debemos lo que podemos llamar una <em>fantas\u00eda azteca<\/em> (sic) del siglo XX y que Francisco Mata Rosas fotograf\u00eda admirablemente en la contemporaneidad. Las escenas tridimensionales de Alfredo Vel\u00e1zquez Lona y Luis Ascanio Zenteno en que recrean las escenas que conocemos o que queremos imaginarnos de estos pasajes hist\u00f3ricos ponen de manifiesto la inventiva de los acontecimientos que contin\u00faan dot\u00e1ndonos de identidad. La cabeza de <em>esa misma<\/em> \u00e1guila, ora monumento p\u00e9treo, es tratada por Enrique L\u00f3pez Llamas desde una perspectiva generacional donde enfrenta las pol\u00edticas culturales gubernamentales del siglo XX con la lectura actual de los s\u00edmbolos patri\u00f3ticos.[\/gsf_heading][\/vc_column][\/vc_row]<\/div>\n","protected":false},"excerpt":{"rendered":"<p>La imagen del \u00e1guila pos\u00e1ndose en un nopal y devorando una serpiente ha trascendido como imagen identitaria de una regi\u00f3n, primero, y una naci\u00f3n, despu\u00e9s, sin haber sido tocada por el p\u00e9talo de un cuestionamiento iconogr\u00e1fico, pero tampoco por la curiosidad<\/p>\n","protected":false},"author":2,"featured_media":30721,"comment_status":"open","ping_status":"open","sticky":false,"template":"","format":"standard","meta":{"inline_featured_image":false,"footnotes":""},"categories":[18],"tags":[],"class_list":["post-30693","post","type-post","status-publish","format-standard","has-post-thumbnail","hentry","category-blog"],"_links":{"self":[{"href":"https:\/\/elmodo.mx\/en\/wp-json\/wp\/v2\/posts\/30693","targetHints":{"allow":["GET"]}}],"collection":[{"href":"https:\/\/elmodo.mx\/en\/wp-json\/wp\/v2\/posts"}],"about":[{"href":"https:\/\/elmodo.mx\/en\/wp-json\/wp\/v2\/types\/post"}],"author":[{"embeddable":true,"href":"https:\/\/elmodo.mx\/en\/wp-json\/wp\/v2\/users\/2"}],"replies":[{"embeddable":true,"href":"https:\/\/elmodo.mx\/en\/wp-json\/wp\/v2\/comments?post=30693"}],"version-history":[{"count":5,"href":"https:\/\/elmodo.mx\/en\/wp-json\/wp\/v2\/posts\/30693\/revisions"}],"predecessor-version":[{"id":30740,"href":"https:\/\/elmodo.mx\/en\/wp-json\/wp\/v2\/posts\/30693\/revisions\/30740"}],"wp:featuredmedia":[{"embeddable":true,"href":"https:\/\/elmodo.mx\/en\/wp-json\/wp\/v2\/media\/30721"}],"wp:attachment":[{"href":"https:\/\/elmodo.mx\/en\/wp-json\/wp\/v2\/media?parent=30693"}],"wp:term":[{"taxonomy":"category","embeddable":true,"href":"https:\/\/elmodo.mx\/en\/wp-json\/wp\/v2\/categories?post=30693"},{"taxonomy":"post_tag","embeddable":true,"href":"https:\/\/elmodo.mx\/en\/wp-json\/wp\/v2\/tags?post=30693"}],"curies":[{"name":"wp","href":"https:\/\/api.w.org\/{rel}","templated":true}]}}