{"id":29069,"date":"2020-02-25T15:41:58","date_gmt":"2020-02-25T21:41:58","guid":{"rendered":"https:\/\/elmodo.mx\/?p=29069"},"modified":"2020-02-25T15:46:14","modified_gmt":"2020-02-25T21:46:14","slug":"bicicletas-diseno-y-conciencia","status":"publish","type":"post","link":"https:\/\/elmodo.mx\/en\/blog\/bicicletas-diseno-y-conciencia\/","title":{"rendered":"Bicicletas, dise\u00f1o y conciencia\u2026"},"content":{"rendered":"<div class=\"wpb-content-wrapper\">[vc_row][vc_column width=&#8221;1\/2&#8243;][gsf_gallery layout_style=&#8221;thumbnail&#8221; image_size=&#8221;full&#8221; image_ratio=&#8221;custom&#8221; columns=&#8221;3&#8243; columns_md=&#8221;4&#8243; columns_sm=&#8221;3&#8243; columns_xs=&#8221;3&#8243; columns_mb=&#8221;3&#8243; el_class=&#8221;galeria-post&#8221; images=&#8221;29070,29072,29074&#8243;][\/vc_column][vc_column width=&#8221;1\/2&#8243;][vc_column_text]A simple vista un proyecto como \u00e9ste no parecer\u00eda complejo, pero es sorprendente conocer todo lo que implica llegar a un gran resultado y es interesante ver que la Ciudad de M\u00e9xico se llena, cada vez m\u00e1s, de dise\u00f1o mexicano.<\/p>\n<p style=\"text-align: left;\">Una propuesta del dise\u00f1ador Ariel Rojo al encontrarse con la problem\u00e1tica de movilidad en una ciudad llena de coches, contaminaci\u00f3n y ruido. No consiste s\u00f3lo en ofrecer sistemas de seguridad, se trata de ver el problema de ra\u00edz, meterse a las entra\u00f1as y solucionarlo; de tomarle el gusto a dejar los motores y cambiar el volante por la bicicleta.<\/p>\n<p>La primera pieza del Rack de bici de Ariel Rojo fue dise\u00f1ada justamente para el MODO, considerando que muchos de nuestros visitantes optan por un trasporte amigable y eficaz, convirti\u00e9ndose tambi\u00e9n en una invitaci\u00f3n para los que se re\u00fasan a utilizar su bicicleta.<\/p>\n<p>Gracias Ariel, por ense\u00f1arnos las mejoras que podemos realizar en nuestra ciudad con proyectos locales, nos entusiasma que existan artistas mexicanos comprometidos con el bienestar com\u00fan.<\/p>\n<p>Los &#8220;Racks de bici&#8221; que generosamente han sido donados al MODO son una alegre invitaci\u00f3n a que utilices la bicicleta cada vez que puedas.<\/p>\n<p>\u00a1As\u00ed que ya lo sabes mu\u00e9vete en bici y haz conciencia![\/vc_column_text][\/vc_column][\/vc_row]<\/p><\/div>\n","protected":false},"excerpt":{"rendered":"<p>A simple vista un proyecto como \u00e9ste no parecer\u00eda complejo, pero es sorprendente conocer todo lo que implica llegar a un gran resultado y es interesante ver que la Ciudad de M\u00e9xico se llena, cada vez m\u00e1s, de dise\u00f1o mexicano.<\/p>\n","protected":false},"author":2,"featured_media":29081,"comment_status":"open","ping_status":"open","sticky":false,"template":"","format":"standard","meta":{"inline_featured_image":false,"footnotes":""},"categories":[18],"tags":[],"class_list":["post-29069","post","type-post","status-publish","format-standard","has-post-thumbnail","hentry","category-blog"],"_links":{"self":[{"href":"https:\/\/elmodo.mx\/en\/wp-json\/wp\/v2\/posts\/29069","targetHints":{"allow":["GET"]}}],"collection":[{"href":"https:\/\/elmodo.mx\/en\/wp-json\/wp\/v2\/posts"}],"about":[{"href":"https:\/\/elmodo.mx\/en\/wp-json\/wp\/v2\/types\/post"}],"author":[{"embeddable":true,"href":"https:\/\/elmodo.mx\/en\/wp-json\/wp\/v2\/users\/2"}],"replies":[{"embeddable":true,"href":"https:\/\/elmodo.mx\/en\/wp-json\/wp\/v2\/comments?post=29069"}],"version-history":[{"count":3,"href":"https:\/\/elmodo.mx\/en\/wp-json\/wp\/v2\/posts\/29069\/revisions"}],"predecessor-version":[{"id":29078,"href":"https:\/\/elmodo.mx\/en\/wp-json\/wp\/v2\/posts\/29069\/revisions\/29078"}],"wp:featuredmedia":[{"embeddable":true,"href":"https:\/\/elmodo.mx\/en\/wp-json\/wp\/v2\/media\/29081"}],"wp:attachment":[{"href":"https:\/\/elmodo.mx\/en\/wp-json\/wp\/v2\/media?parent=29069"}],"wp:term":[{"taxonomy":"category","embeddable":true,"href":"https:\/\/elmodo.mx\/en\/wp-json\/wp\/v2\/categories?post=29069"},{"taxonomy":"post_tag","embeddable":true,"href":"https:\/\/elmodo.mx\/en\/wp-json\/wp\/v2\/tags?post=29069"}],"curies":[{"name":"wp","href":"https:\/\/api.w.org\/{rel}","templated":true}]}}