{"id":29000,"date":"2020-02-18T12:45:04","date_gmt":"2020-02-18T18:45:04","guid":{"rendered":"https:\/\/elmodo.mx\/?p=29000"},"modified":"2020-04-07T16:58:03","modified_gmt":"2020-04-07T21:58:03","slug":"todo-suena-mejor-en-vinilo","status":"publish","type":"post","link":"https:\/\/elmodo.mx\/en\/blog\/todo-suena-mejor-en-vinilo\/","title":{"rendered":"\u00a1Todo suena mejor en vinilo!"},"content":{"rendered":"<div class=\"wpb-content-wrapper\">[vc_row][vc_column width=&#8221;1\/2&#8243;][gsf_gallery image_size=&#8221;full&#8221; columns=&#8221;1&#8243; columns_md=&#8221;1&#8243; columns_sm=&#8221;1&#8243; columns_xs=&#8221;1&#8243; columns_mb=&#8221;1&#8243; images=&#8221;29006&#8243;][\/vc_column][vc_column width=&#8221;1\/2&#8243;][gsf_heading title_font_size=&#8221;48&#8243; sub_title_font_size=&#8221;14&#8243; text_align=&#8221;text-left&#8221;]Padre, abuelo, nieto quiz\u00e1 con esto te ilustremos mejor la historia de uno de los grandes en la industria musical, no nos referimos a un instrumento o a alg\u00fan artista, simplemente nos referimos a el vinil. Podr\u00edamos decir que es el padre de los CD\u00b4s o el abuelo de los formatos digitales que conocemos, sin este elemento en la ecuaci\u00f3n no se podr\u00eda hablar de la m\u00fasica como hasta ahora la conocemos, pero \u00bfCu\u00e1l es su historia?<\/p>\n<p>Recordemos como nuestras vidas empezaron a cambiar cuando al gran Thomas Edison invent\u00f3 el fon\u00f3grafo cil\u00edndrico en 1877, a partir de ah\u00ed la m\u00fasica nos acompa\u00f1\u00f3 y desde ese momento su evoluci\u00f3n ha sido notoria, solo basta comparar los grandes formatos que se convirtieron en Cds o casetes para despu\u00e9s darle paso a la m\u00fasica digital, que disfrutamos en nuestros celulares, tablets o cualquier dispositivo conectado a la red.<\/p>\n<p>Entrando en materia hablemos del vinil, este soporte de almacenamiento de sonido creado de diferentes materiales que surgi\u00f3 y reino en el mundo de la m\u00fasica all\u00e1 por el siglo XIX. Tenemos que recordar que estos formatos se popularizaron gracias a importantes bandas que acompa\u00f1aron estos discos con impresionantes portadas, tal es el caso de los Beatles. Los a\u00f1os 40 fueron sin duda buenos a\u00f1os para el vinil gracias a las altas ventas registradas, pero \u00bfCu\u00e1les eran sus especificaciones f\u00edsicas?\u00a0 Aunque existen diferentes tipos de velocidad y di\u00e1metros, los que m\u00e1s se utilizaban eran los de 33<sup>1<\/sup>\u2044<sub>3 <\/sub>y 45 RPM capaces de grabar 22 minutos de buena m\u00fasica, con el tiempo esto fue cambiando y conforme a la demanda se crearon los discos de doble cara, que pod\u00edan ser grabados por ambos lados, obteniendo el doble de m\u00fasica.<\/p>\n<p>Pero como todo lo que sube tiene que bajar, la fama del vinil empez\u00f3 a caer cuando cerca de 1980 la industria musical empezaba a cambiar, dejando atr\u00e1s los viejos sistemas y adapt\u00e1ndose a la nueva tecnolog\u00eda, los medios digitales empezaron a sustituir los grandes platillos negros, para convertirse en casetes y cd\u00b4s, la \u00e9poca dorada del vinil hab\u00eda terminado.<\/p>\n<p>Y podr\u00edamos decirte que este fue su gran final, pero no, en 2010 en Estados Unidos hubo una gran demanda de estos viejos sistemas musicales, la apreciaci\u00f3n de los expertos del resurgimiento del vinil se debe a dos aspectos, los mel\u00f3manos tienen una apreciaci\u00f3n por los formatos f\u00edsicos y dos por los grandes trabajos que se realizaban en materia gr\u00e1fica para acompa\u00f1ar las portadas de los discos hacen que la experiencia se vuelva m\u00e1s placentera. Aunque no son la \u00fanica causa, tambi\u00e9n se cree que estos formatos guardan la m\u00fasica con una mayor calidad.<\/p>\n<p>Y si, quiz\u00e1 con el paso del tiempo pueda volver a mermar la demanda del vinil, pero no cabe duda que, con el simple hecho de verlos, tocarlos y escucharlos, viajamos en el tiempo y esa experiencia inigualable.\u00a0 Adem\u00e1s, existen rodando por el mundo ejemplares como el de los Beatles valuados en m\u00e1s de un mill\u00f3n de pesos, as\u00ed que corre a tu vieja colecci\u00f3n, quiz\u00e1 ya seas millonario.[\/gsf_heading][\/vc_column][\/vc_row]<\/p><\/div>\n","protected":false},"excerpt":{"rendered":"<p>Padre, abuelo, nieto quiz\u00e1 con esto te ilustremos mejor la historia de uno de los grandes en la industria musical, no nos referimos a un instrumento o a alg\u00fan artista, simplemente nos referimos a \u00e9l vinil.<\/p>\n","protected":false},"author":2,"featured_media":29002,"comment_status":"open","ping_status":"open","sticky":false,"template":"","format":"standard","meta":{"inline_featured_image":false,"footnotes":""},"categories":[18],"tags":[2431,2433,2436,1634,2432,48,962,2435,123,2434,931,379],"class_list":["post-29000","post","type-post","status-publish","format-standard","has-post-thumbnail","hentry","category-blog","tag-acetato","tag-discos","tag-ejemplares","tag-evolucion","tag-formatos","tag-historia","tag-industria","tag-melomanos","tag-musica","tag-resurgimiento","tag-sonido","tag-vinil"],"_links":{"self":[{"href":"https:\/\/elmodo.mx\/en\/wp-json\/wp\/v2\/posts\/29000","targetHints":{"allow":["GET"]}}],"collection":[{"href":"https:\/\/elmodo.mx\/en\/wp-json\/wp\/v2\/posts"}],"about":[{"href":"https:\/\/elmodo.mx\/en\/wp-json\/wp\/v2\/types\/post"}],"author":[{"embeddable":true,"href":"https:\/\/elmodo.mx\/en\/wp-json\/wp\/v2\/users\/2"}],"replies":[{"embeddable":true,"href":"https:\/\/elmodo.mx\/en\/wp-json\/wp\/v2\/comments?post=29000"}],"version-history":[{"count":12,"href":"https:\/\/elmodo.mx\/en\/wp-json\/wp\/v2\/posts\/29000\/revisions"}],"predecessor-version":[{"id":29206,"href":"https:\/\/elmodo.mx\/en\/wp-json\/wp\/v2\/posts\/29000\/revisions\/29206"}],"wp:featuredmedia":[{"embeddable":true,"href":"https:\/\/elmodo.mx\/en\/wp-json\/wp\/v2\/media\/29002"}],"wp:attachment":[{"href":"https:\/\/elmodo.mx\/en\/wp-json\/wp\/v2\/media?parent=29000"}],"wp:term":[{"taxonomy":"category","embeddable":true,"href":"https:\/\/elmodo.mx\/en\/wp-json\/wp\/v2\/categories?post=29000"},{"taxonomy":"post_tag","embeddable":true,"href":"https:\/\/elmodo.mx\/en\/wp-json\/wp\/v2\/tags?post=29000"}],"curies":[{"name":"wp","href":"https:\/\/api.w.org\/{rel}","templated":true}]}}