{"id":28989,"date":"2020-02-11T11:00:50","date_gmt":"2020-02-11T17:00:50","guid":{"rendered":"https:\/\/elmodo.mx\/?p=28989"},"modified":"2020-02-20T13:16:11","modified_gmt":"2020-02-20T19:16:11","slug":"opera-musica-para-mis-oidos","status":"publish","type":"post","link":"https:\/\/elmodo.mx\/en\/blog\/opera-musica-para-mis-oidos\/","title":{"rendered":"\u00d3pera, m\u00fasica para mis o\u00eddos"},"content":{"rendered":"<div class=\"wpb-content-wrapper\">[vc_row][vc_column width=&#8221;1\/2&#8243;][gsf_gallery image_size=&#8221;full&#8221; image_ratio=&#8221;custom&#8221; columns=&#8221;1&#8243; columns_md=&#8221;1&#8243; columns_sm=&#8221;1&#8243; columns_xs=&#8221;1&#8243; columns_mb=&#8221;1&#8243; images=&#8221;28990&#8243;][\/vc_column][vc_column width=&#8221;1\/2&#8243;][gsf_heading title_font_size=&#8221;48&#8243; sub_title_font_size=&#8221;14&#8243; text_align=&#8221;text-left&#8221;]Hablar de m\u00fasica es hablar de cosas maravillosas, se puede hablar de sus or\u00edgenes, de los instrumentos, de las emociones y de sus g\u00e9neros, cualquier arista que toques te llevara a mundos m\u00e1gicos a trav\u00e9s de las sensaciones que produce. Por eso hoy vamos a viajar por el mundo de la m\u00fasica y te vamos a contar algunos datos importantes de la \u00d3pera un g\u00e9nero musical teatral importante y lleno de pasi\u00f3n. Y si por tu mente est\u00e1 pasando la idea de que esto se va a poner aburrido, te invito a que te abroches el cintur\u00f3n porque conocer\u00e1s el lado m\u00e1s divertido y cool de este la \u00f3pera<\/p>\n<p>Como ya lo dijimos es parte de la m\u00fasica teatral el cual consiste en ponerle armon\u00eda a las escenas, esto con ayuda de acompa\u00f1amientos instrumentales que conforman grandes orquestas, es parte de la m\u00fasica cl\u00e1sica que se ha extendido por todo el mundo, pero que se gener\u00f3 principalmente en Europa. Quiz\u00e1 pienses que es aburrida y larga, pero no es as\u00ed, es m\u00e1s interesante y profunda por su complejidad al empatar escenas teatrales con m\u00fasica, pero amas all\u00e1 de eso, la \u00f3pera tiene un lado \u201cb\u201d de datos interesantes que te dejaran boquiabierto y hoy te enteraras de algunos.<\/p>\n<p>Empecemos por un dato curioso de la m\u00fasica en general; quiz\u00e1 te hayan contado el cuento de que a los psic\u00f3patas les encanta la m\u00fasica cl\u00e1sica, esto lo vemos reflejado en el cine y la televisi\u00f3n, particularmente en la parte donde el malo asesina cruelmente a sus v\u00edctimas mientras la m\u00fasica suena de fondo, ya sea Bach o Beethoven siempre les ponen un toque siniestro a estas escenas. Pues d\u00e9jame aclararte que seg\u00fan un estudio realizado a 200 pacientes a quienes se les estimulo con m\u00fasica variada responde a estos est\u00edmulos y escalas psicol\u00f3gicas de diferente forma, los resultados muestran que, los psic\u00f3patas no prefieren la \u00f3pera para perpetrar sus cr\u00edmenes, si no el rap y algunos temas sueltos. \u00bfInteresante, \u00bfno?<\/p>\n<p>Regresando a la \u00f3pera vamos a tomar un curso r\u00e1pido de voces para que identifique la tuya y sepas si puedes o no unirte a este bello g\u00e9nero. Las voces de los hombres se dividen en Tenor por ser la m\u00e1s aguda, esta a su vez se divide en dos, l\u00edrico y dram\u00e1tico, despu\u00e9s sigue bar\u00edtono que es grave adem\u00e1s este se divide tambi\u00e9n en dos, ligeros y bajo, el bajo se divide a su vez en dos tonos que toman el nombre de l\u00edrico y bajo profundo. Y por si esto no fuera complicado pasamos a las especificaciones de las mujeres; soprano es la m\u00e1s aguda y tiene tres divisiones; l\u00edrica, dram\u00e1tica y coloratura, de ah\u00ed vamos al siguiente registro que es mezzo-soprano, para finalizar con con-tralto que es una voz com\u00fan y de registro m\u00e1s grave.<\/p>\n<p>Bueno ahora ya sabes que puedes ser un gran cantante de \u00f3pera, pero \u00bfQu\u00e9 tal esta tu pancita? Si lo dijimos bien, tu pancita puede representar el \u00e9xito, bueno al menos eso se cre\u00eda, pues por mucho tiempo se cre\u00f3 el mito de que la gente gordita triunfaba m\u00e1s en este g\u00e9nero, pero \u00bfSer\u00e1 cierto? No hay sustentos cient\u00edficos que le den veracidad a este tab\u00fa, su origen se dio en el renacimiento cuando se asociaba la obesidad con pulmones grandes los cuales daban origen a una gran caja tor\u00e1cica que por resultado daba una excelente voz. Triste pero no demostrado.<\/p>\n<p>Ya para cerrar con broche de oro y darle fin a este tema, que mejor que cerrar entre aplausos y records, porque si, la \u00f3pera tiene sus records y h\u00e9roes, \u00bfSab\u00edas qu\u00e9?\u00a0 Dos grandes de la \u00f3pera se llevan el record al aplauso m\u00e1s largo de la historia, sus nombres son Placido Domingo quien fue aplaudido por hora y veinte minutos tras interpretar <em>Otelo<\/em>\u00a0de Verdi, mientras que Luciano Pavarotti fue aplaudido durante 67 minutos.<\/p>\n<p>Aqu\u00ed se cierra el tel\u00f3n, agradecemos que nos acompa\u00f1aras en este lado extraordinario de la m\u00fasica y de la \u00f3pera, nos vemos en la siguiente puesta en escena de este gran blog.[\/gsf_heading][\/vc_column][\/vc_row]<\/p><\/div>\n","protected":false},"excerpt":{"rendered":"<p>Hablar de m\u00fasica es hablar de cosas maravillosas, se puede hablar de sus or\u00edgenes, de los instrumentos, de las emociones y de sus g\u00e9neros, cualquier arista que toques te llevara a mundos m\u00e1gicos a trav\u00e9s de las sensaciones que produce<\/p>\n","protected":false},"author":2,"featured_media":28996,"comment_status":"open","ping_status":"open","sticky":false,"template":"","format":"standard","meta":{"inline_featured_image":false,"footnotes":""},"categories":[18],"tags":[2102,2119,2425,2422,67,46,922,2428,2427,2423,2426,123,2430,322,1264,2424,325,2429],"class_list":["post-28989","post","type-post","status-publish","format-standard","has-post-thumbnail","hentry","category-blog","tag-emociones","tag-objetocoleccion","tag-aguda","tag-cantante","tag-cine","tag-coleccion","tag-coleccionmodo","tag-coloratura","tag-dramatica","tag-generos","tag-lirica","tag-musica","tag-musicateatral","tag-opera","tag-pasion","tag-soprano","tag-teatro","tag-voces"],"_links":{"self":[{"href":"https:\/\/elmodo.mx\/en\/wp-json\/wp\/v2\/posts\/28989","targetHints":{"allow":["GET"]}}],"collection":[{"href":"https:\/\/elmodo.mx\/en\/wp-json\/wp\/v2\/posts"}],"about":[{"href":"https:\/\/elmodo.mx\/en\/wp-json\/wp\/v2\/types\/post"}],"author":[{"embeddable":true,"href":"https:\/\/elmodo.mx\/en\/wp-json\/wp\/v2\/users\/2"}],"replies":[{"embeddable":true,"href":"https:\/\/elmodo.mx\/en\/wp-json\/wp\/v2\/comments?post=28989"}],"version-history":[{"count":6,"href":"https:\/\/elmodo.mx\/en\/wp-json\/wp\/v2\/posts\/28989\/revisions"}],"predecessor-version":[{"id":29051,"href":"https:\/\/elmodo.mx\/en\/wp-json\/wp\/v2\/posts\/28989\/revisions\/29051"}],"wp:featuredmedia":[{"embeddable":true,"href":"https:\/\/elmodo.mx\/en\/wp-json\/wp\/v2\/media\/28996"}],"wp:attachment":[{"href":"https:\/\/elmodo.mx\/en\/wp-json\/wp\/v2\/media?parent=28989"}],"wp:term":[{"taxonomy":"category","embeddable":true,"href":"https:\/\/elmodo.mx\/en\/wp-json\/wp\/v2\/categories?post=28989"},{"taxonomy":"post_tag","embeddable":true,"href":"https:\/\/elmodo.mx\/en\/wp-json\/wp\/v2\/tags?post=28989"}],"curies":[{"name":"wp","href":"https:\/\/api.w.org\/{rel}","templated":true}]}}