{"id":28725,"date":"2019-12-10T10:25:35","date_gmt":"2019-12-10T16:25:35","guid":{"rendered":"https:\/\/elmodo.mx\/?p=28725"},"modified":"2019-12-13T06:57:35","modified_gmt":"2019-12-13T12:57:35","slug":"i-have-a-dream","status":"publish","type":"post","link":"https:\/\/elmodo.mx\/en\/blog\/i-have-a-dream\/","title":{"rendered":"&#8220;I Have a Dream&#8221; Martin Luther King"},"content":{"rendered":"<div class=\"wpb-content-wrapper\">[vc_row][vc_column width=&#8221;1\/2&#8243;][gsf_gallery layout_style=&#8221;thumbnail&#8221; image_size=&#8221;full&#8221; image_ratio=&#8221;custom&#8221; columns=&#8221;6&#8243; columns_md=&#8221;4&#8243; columns_sm=&#8221;3&#8243; columns_xs=&#8221;3&#8243; columns_mb=&#8221;3&#8243; el_class=&#8221;galeria-post&#8221; images=&#8221;28727&#8243;][\/vc_column][vc_column width=&#8221;1\/2&#8243;][vc_column_text]Existen hombres que cambiaron al mundo con sus pensamientos, personas que lucharon sin temor a perderlo todo por defender los derechos de los dem\u00e1s, hombres y mujeres que trazaron el camino de la paz y la uni\u00f3n en el mundo, hoy hablaremos de uno de estos h\u00e9roes, hablemos de Martin Luther King.<\/p>\n<p>Naci\u00f3 en Atlanta, Georgia un 15 de enero de 1929, fue un luchador incansable por los derechos civiles, especialmente por los grupos m\u00e1s vulnerables como los afros estadunidenses, adem\u00e1s, se opuso a la guerra de Vietnam en repetidas ocasiones.<\/p>\n<p>Por su lucha constante a favor de la igualdad se le otorg\u00f3 el Premio Nobel de la paz en 1964. Autor del discurso \u201cI have a dream\u201d y considerado uno de los m\u00e1s influyentes de la historia, mostr\u00f3 su deseo por vivir en un mundo donde la gente de tez blanca y negra puedan vivir juntos y en paz. Este fue un discurso que dio durante la <a href=\"https:\/\/es.wikipedia.org\/wiki\/Marcha_en_Washington_por_el_trabajo_y_la_libertad\">Marcha en Washington por el trabajo y la libertad<\/a> el 28 de agosto de 1963.<\/p>\n<p>Luther King muri\u00f3 cuatro a\u00f1os despu\u00e9s de recibir el Premio Nobel a manos de James Earl Ray quien le dispar\u00f3 cuando King se encontraba en el balc\u00f3n del hotel Lorraine, donde se hospedo para visitar y apoyar a los trabajadores afroamericanos del sector sanitario p\u00fablico, este emblem\u00e1tico hombre muri\u00f3 a los 39 a\u00f1os de edad, sin embargo su legado por la lucha en pro de la paz, derechos humanos y civiles y la erradicaci\u00f3n del hambre seguir\u00e1n vigentes en cada hombre y mujer que quiera seguir construyendo un mejor camino para la humanidad.<\/p>\n<p>Quiz\u00e1 muchos de nuestros lectores ya conoc\u00edan ciertos datos, hay otros tantos que te asombrar\u00e1n.<\/p>\n<p>1.- Su lucha a favor de las comunidades m\u00e1s vulnerables lo llevo a ser encarcelado 29 veces, entre los cargos m\u00e1s recurrentes estaba el de desacato a la autoridad y desobediencia civil.<\/p>\n<p>2.- Solo existen dos hombres cuyo cumplea\u00f1os se volvi\u00f3 d\u00eda feriado en Estados Unidos, uno es George Washington y el otro es Martin Luther King, este decreto lo firm\u00f3 el presidente Ronald Reagan en 1983<\/p>\n<p>3.- Recibi\u00f3 muchas amenazas de muerte y en una ocasi\u00f3n revelo que hab\u00eda sido atacado por una mujer de nombre Izola Ware Curry, quien le encesto una pu\u00f1alada que lo dejo al borde de la muerte, 10 a\u00f1os despu\u00e9s de este incidente un hombre acabar\u00eda con la vida de Luther King.<\/p>\n<p>4.- Se dice que el coraz\u00f3n de este h\u00e9roe no estaba en tan buenas condiciones, a pesar de que su vida fuera cortada de tajo a los 39 a\u00f1os el estado de su coraz\u00f3n presentaba afectaciones de un hombre de 60 a\u00f1os, algunos especialistas aseguran que se debi\u00f3 al estr\u00e9s que manejaba por su constante lucha pac\u00edfica.<\/p>\n<p>5. Su verdadero nombre era Michael el cambio de nombre a Martin Luther se debi\u00f3 a que su padre viajo a Alemania y se sinti\u00f3 inspirado por el l\u00edder de la reforma protestante.<\/p>\n<p>Hablar de un hombre tan completo nos llevar\u00eda d\u00edas y un sinf\u00edn de hojas, sin embargo, lo que queremos es que conozcas un poquito de todo el trabajo que realiz\u00f3 este hombre y as\u00ed inspirarnos a cada uno de nosotros a crear un mundo mejor donde todos tengamos las mismas oportunidades, es por eso que nuestras \u00faltimas l\u00edneas de este blog ser\u00e1n ilustradas por un pedazo del discurso \u201cI hvae a dream\u201d \u00bfQui\u00e9n m\u00e1s que Luther King para explicarnos lo que quer\u00eda de la vida?<\/p>\n<p>Tengo un sue\u00f1o: que un d\u00eda esta naci\u00f3n se pondr\u00e1 en pie y realizar\u00e1 el verdadero significado de su credo: \u201cSostenemos que estas verdades son evidentes por s\u00ed mismas: que todos los hombres han sido creados iguales\u201d.[\/vc_column_text][\/vc_column][\/vc_row]<\/p><\/div>\n","protected":false},"excerpt":{"rendered":"<p>Existen hombres que cambiaron al mundo con sus pensamientos, personas que lucharon sin temor a perderlo todo por defender los derechos de los dem\u00e1s.<\/p>\n","protected":false},"author":2,"featured_media":28727,"comment_status":"open","ping_status":"open","sticky":false,"template":"","format":"standard","meta":{"inline_featured_image":false,"footnotes":""},"categories":[18],"tags":[2218,2420,1775,2418,2421,596,9,11,2419,2416,510,2417],"class_list":["post-28725","post","type-post","status-publish","format-standard","has-post-thumbnail","hentry","category-blog","tag-paz","tag-civiles","tag-derechos","tag-heroes","tag-humanidad","tag-igualdad","tag-lucha","tag-luchador","tag-nacion","tag-pensamientos","tag-premionobel","tag-union"],"_links":{"self":[{"href":"https:\/\/elmodo.mx\/en\/wp-json\/wp\/v2\/posts\/28725","targetHints":{"allow":["GET"]}}],"collection":[{"href":"https:\/\/elmodo.mx\/en\/wp-json\/wp\/v2\/posts"}],"about":[{"href":"https:\/\/elmodo.mx\/en\/wp-json\/wp\/v2\/types\/post"}],"author":[{"embeddable":true,"href":"https:\/\/elmodo.mx\/en\/wp-json\/wp\/v2\/users\/2"}],"replies":[{"embeddable":true,"href":"https:\/\/elmodo.mx\/en\/wp-json\/wp\/v2\/comments?post=28725"}],"version-history":[{"count":9,"href":"https:\/\/elmodo.mx\/en\/wp-json\/wp\/v2\/posts\/28725\/revisions"}],"predecessor-version":[{"id":28799,"href":"https:\/\/elmodo.mx\/en\/wp-json\/wp\/v2\/posts\/28725\/revisions\/28799"}],"wp:featuredmedia":[{"embeddable":true,"href":"https:\/\/elmodo.mx\/en\/wp-json\/wp\/v2\/media\/28727"}],"wp:attachment":[{"href":"https:\/\/elmodo.mx\/en\/wp-json\/wp\/v2\/media?parent=28725"}],"wp:term":[{"taxonomy":"category","embeddable":true,"href":"https:\/\/elmodo.mx\/en\/wp-json\/wp\/v2\/categories?post=28725"},{"taxonomy":"post_tag","embeddable":true,"href":"https:\/\/elmodo.mx\/en\/wp-json\/wp\/v2\/tags?post=28725"}],"curies":[{"name":"wp","href":"https:\/\/api.w.org\/{rel}","templated":true}]}}