{"id":26580,"date":"2019-11-15T11:47:11","date_gmt":"2019-11-15T17:47:11","guid":{"rendered":"https:\/\/elmodo.mx\/?p=26580"},"modified":"2019-11-29T12:44:58","modified_gmt":"2019-11-29T18:44:58","slug":"coronal-capital-entre-carteles-y-musica","status":"publish","type":"post","link":"https:\/\/elmodo.mx\/en\/blog\/coronal-capital-entre-carteles-y-musica\/","title":{"rendered":"Coronal Capital entre Carteles y M\u00fasica"},"content":{"rendered":"<div class=\"wpb-content-wrapper\">[vc_row][vc_column width=&#8221;1\/2&#8243;][gsf_gallery layout_style=&#8221;thumbnail&#8221; image_size=&#8221;full&#8221; image_ratio=&#8221;custom&#8221; columns=&#8221;6&#8243; columns_md=&#8221;4&#8243; columns_sm=&#8221;3&#8243; columns_xs=&#8221;3&#8243; columns_mb=&#8221;3&#8243; el_class=&#8221;galeria-post&#8221; images=&#8221;26608,26600,26598,26602,26596,26610&#8243;][\/vc_column][vc_column width=&#8221;1\/2&#8243;][vc_column_text]La historia a veces no se cuenta en a\u00f1os si no en experiencias, para muestra un bot\u00f3n, hablar de las diez ediciones del Festival Corona Capital es sumergirnos por sus mejores momentos, desde aquel primer concierto en la curva 4 de Aut\u00f3dromo Hermanos Rodr\u00edguez, hasta la pr\u00f3xima edici\u00f3n que se llevar\u00e1 a cabo los d\u00edas 16 y 17 de noviembre 2019. Hoy nuestra misi\u00f3n es desmenuzar esos diez a\u00f1os para recordar lo mejor de este festival de m\u00fasica alternativa que nos hace pasar momentos inovidables.<\/p>\n<p>Considerando los datos de CONDUSEF los mexicanos amamos asistir a conciertos, la derrama generada por este rubro alcanza los 22 millones 800 mil d\u00f3lares, sin contar los 40 millones de d\u00f3lares que se generan por concepto de patrocinadores. Lo que nos coloca como uno de los principales pa\u00edses en Latinoam\u00e9rica consumidores de conciertos. \u00bfEntonces, qu\u00e9 hace tan especial al Corona Capital?<\/p>\n<p>Desde que naci\u00f3 este festival tuvo muchas razones para colocarse entre uno de los preferidos por los mexicanos, pero sin dudar lo que le da sabor al Corona Capital es el importante poder para traer a bandas americanas y europeas de renombre al pa\u00eds, convirti\u00e9ndolo en un espect\u00e1culo alternativo sin igual.<\/p>\n<p>Pero no todo se crea de la noche a la ma\u00f1ana, para llegar a posicionarse entre uno de los festivales mundiales m\u00e1s importantes de la historia se necesita trabajo y dedicaci\u00f3n, el 38% de los consumidores de eventos musicales en el pa\u00eds prefieren ir a festivales, pero entonces \u00bfC\u00f3mo hacer esa diferenciaci\u00f3n? Ofreciendo calidad, diez carteles lo confirman, as\u00ed que iremos a\u00f1o por a\u00f1o.<\/p>\n<p>A\u00f1o 2010 marca el inicio del festival con la presentaci\u00f3n de la banda estadounidense Pixies, banda que nunca antes se hab\u00eda presentado en M\u00e9xico. Con un a\u00f1o de experiencia y con buenos resultados, los organizadores apostaron por otra banda estadounidense que marcaba tendencia entonces, as\u00ed que esta segunda edici\u00f3n el festival ser\u00eda comandado por The Strokes.<\/p>\n<p>Quiz\u00e1 2012 comenzaba a marcar el nuevo camino para el festival, la apertura de un d\u00eda m\u00e1s significar\u00eda la oportunidad de ver a mas bandas reunidas para nuestro goce.<\/p>\n<p>En 2013, los problemas no se hicieron esperar, el acoplamiento de un d\u00eda m\u00e1s costar\u00eda duras cr\u00edticas al evento, \u00bfLa raz\u00f3n? No invitar a bandas latinas o mexicanas, a\u00fan con eso el crecimiento segu\u00eda, as\u00ed como en n\u00famero de asistentes. La banda Imagine Dragons ser\u00eda la encargada de llevar a buen t\u00e9rmino dos de estos d\u00edas.<\/p>\n<p>Las inclemencias meteorol\u00f3gicas tambi\u00e9n juegan un papel importante en los eventos y para 2014 fueron factor ya que el festival se detuvo por m\u00e1s de una hora debido a las fuertes lluvias.<\/p>\n<p>En 2015 las modificaciones en el festival segu\u00edan, conciertos especiales como el Capital Week abr\u00edan sus puertas de manera gratuita antes del concierto principal, entre los artistas m\u00e1s destacados de esta edici\u00f3n se encontraban Calvin Harris.<\/p>\n<p>Para 2016 Pet Stop Boys y Lana del Rey se llevar\u00edan por completo el espect\u00e1culo.<\/p>\n<p>\u00bfY quien se lleva el lugar a la banda m\u00e1s esperada?\u00a0 Es una pregunta dif\u00edcil de contestar, a trav\u00e9s de este viaje musical encontramos grupos, d\u00faos y solistas que nos llenan de una manera impresionante con su m\u00fasica, pero los a\u00f1os 2017 y 2018 nos dejaron simplemente alocados con las presentaciones de Green Day y Robbie Williams que nos regalaron un espect\u00e1culo de m\u00e1s de 3 horas lleno de nostalgia.<\/p>\n<p>\u00bfY que sigue?<\/p>\n<p>Pare esta d\u00e9cima edici\u00f3n se esperan much\u00edsimas cosas interesantes como el regreso a la alineaci\u00f3n de la banda The Strokes, as\u00ed como la incorporaci\u00f3n de una artista irreverente y talentosa como Billi Eilish y por si eso fuera poco a\u00f1adieron a Interpol y Franz Ferdinand.<\/p>\n<p>Con motivo de este d\u00e9cimo aniversario en el MODO se realizaron algunas piezas gr\u00e1ficas de edici\u00f3n especial en alusi\u00f3n a la d\u00e9cima edici\u00f3n del Corona Capital.<\/p>\n<p>Ya lo sabes, detr\u00e1s de todo gran festival existe una gran historia, pero ninguna como la de Corona Capital.[\/vc_column_text][\/vc_column][\/vc_row]<\/p><\/div>\n","protected":false},"excerpt":{"rendered":"<p>La historia a veces no se cuenta en a\u00f1os si no en experiencias, para muestra un bot\u00f3n, hablar de las diez ediciones del Festival Corona Capital es sumergirnos por sus mejores momentos.<\/p>\n","protected":false},"author":2,"featured_media":26581,"comment_status":"open","ping_status":"open","sticky":false,"template":"","format":"standard","meta":{"inline_featured_image":false,"footnotes":""},"categories":[18],"tags":[1981,2340,2319,2339,2336,2338,47,50,2337,1728,48,36,123],"class_list":["post-26580","post","type-post","status-publish","format-standard","has-post-thumbnail","hentry","category-blog","tag-artistas","tag-bandas","tag-carteles","tag-conciertos","tag-coronacapital","tag-decimaedicion","tag-diseno","tag-exposicion","tag-festival","tag-grafia","tag-historia","tag-mexico","tag-musica"],"_links":{"self":[{"href":"https:\/\/elmodo.mx\/en\/wp-json\/wp\/v2\/posts\/26580","targetHints":{"allow":["GET"]}}],"collection":[{"href":"https:\/\/elmodo.mx\/en\/wp-json\/wp\/v2\/posts"}],"about":[{"href":"https:\/\/elmodo.mx\/en\/wp-json\/wp\/v2\/types\/post"}],"author":[{"embeddable":true,"href":"https:\/\/elmodo.mx\/en\/wp-json\/wp\/v2\/users\/2"}],"replies":[{"embeddable":true,"href":"https:\/\/elmodo.mx\/en\/wp-json\/wp\/v2\/comments?post=26580"}],"version-history":[{"count":8,"href":"https:\/\/elmodo.mx\/en\/wp-json\/wp\/v2\/posts\/26580\/revisions"}],"predecessor-version":[{"id":28264,"href":"https:\/\/elmodo.mx\/en\/wp-json\/wp\/v2\/posts\/26580\/revisions\/28264"}],"wp:featuredmedia":[{"embeddable":true,"href":"https:\/\/elmodo.mx\/en\/wp-json\/wp\/v2\/media\/26581"}],"wp:attachment":[{"href":"https:\/\/elmodo.mx\/en\/wp-json\/wp\/v2\/media?parent=26580"}],"wp:term":[{"taxonomy":"category","embeddable":true,"href":"https:\/\/elmodo.mx\/en\/wp-json\/wp\/v2\/categories?post=26580"},{"taxonomy":"post_tag","embeddable":true,"href":"https:\/\/elmodo.mx\/en\/wp-json\/wp\/v2\/tags?post=26580"}],"curies":[{"name":"wp","href":"https:\/\/api.w.org\/{rel}","templated":true}]}}