{"id":24948,"date":"2019-11-01T10:00:44","date_gmt":"2019-11-01T16:00:44","guid":{"rendered":"https:\/\/elmodo.mx\/?p=24948"},"modified":"2019-11-18T14:39:27","modified_gmt":"2019-11-18T20:39:27","slug":"me-da-mi-calaverita","status":"publish","type":"post","link":"https:\/\/elmodo.mx\/en\/blog\/me-da-mi-calaverita\/","title":{"rendered":"\u00a1Me da mi calaverita!"},"content":{"rendered":"<div class=\"wpb-content-wrapper\">[vc_row][vc_column width=&#8221;1\/2&#8243;][gsf_gallery layout_style=&#8221;thumbnail&#8221; image_size=&#8221;full&#8221; image_ratio=&#8221;custom&#8221; columns=&#8221;6&#8243; columns_md=&#8221;4&#8243; columns_sm=&#8221;3&#8243; columns_xs=&#8221;3&#8243; columns_mb=&#8221;3&#8243; el_class=&#8221;galeria-post&#8221; images=&#8221;24949&#8243;][\/vc_column][vc_column width=&#8221;1\/2&#8243;][vc_column_text]Estaba sentado el equipo de redacci\u00f3n trabajando en una nueva investigaci\u00f3n de pronto un ruido a sus o\u00eddos lleg\u00f3 y a lo lejos la catrina se apareci\u00f3 los miro y miro hasta que pregunt\u00f3 \u00bfa qui\u00e9n me llevo al pante\u00f3n?<\/p>\n<p>Valiente uno de ellos contest\u00f3\u2026 \u00a1A m\u00ed! pero antes perm\u00edtame apagar mi computador al ver su foto en la laptop replic\u00f3 \u00bfQu\u00e9 hace con eso se\u00f1or? Una investigaci\u00f3n sobre las catrinas para el nuevo blog expres\u00f3.<br \/>\nDe pronto un salto dio y contest\u00f3: \u00a1Disc\u00falpeme gran se\u00f1or, al pante\u00f3n no lo llevo hoy, mejor ens\u00e9\u00f1eme ese escrito para ver qu\u00e9 tan bueno le quedo!<\/p>\n<p>De chocolate, amaranto o literarias, todos amamos las calaveritas, pero hoy toca hablar de las literarias, versos estructurados que riman en una alegre composici\u00f3n que a los mexicanos nos llenan de alegr\u00edas, quiz\u00e1 a ti como a muchos te toca escribir y escribir estos versos para maestros, directores, compa\u00f1eros, familias y hasta el perro, pero, \u00bfSabes de donde surge esta bonita tradici\u00f3n? \u00a0\u00a1Vamos a descubrirlo!<\/p>\n<p>Aunque diferentes expertos y portales dedicados a la investigaci\u00f3n sugieren a distintos autores de las calaveritas literarias, todos aproximan su aparici\u00f3n a \u00e9pocas coloniales donde se criticaba con estos textos a personajes de la pol\u00edtica nacional o figuras p\u00fablicas reconocidas. Diferentes investigaciones afirman que en el Virreinato los nobles y enriquecidos hombres y mujeres que sosten\u00edan el poder sol\u00edan dejar marcados en sus epitafios largos nombres o versos po\u00e9ticos, los cuales con el ingenio del pueblo se convert\u00edan en burlas para criticar al gobierno, es ah\u00ed donde se cree surge la tradici\u00f3n de escribir en esta forma una calaverita.<\/p>\n<p>Aunque suene como una simple forma de expresi\u00f3n las calaveritas literarias fueron la antesala de una revoluci\u00f3n necesaria en nuestro pa\u00eds, ya que su cr\u00edtica social llegaba r\u00e1pidamente al pueblo que las recib\u00eda de buena manera, concientiz\u00e1ndolos y divirti\u00e9ndolos, por tal motivo fueron censuradas y castigadas por el gobierno. Aunque a\u00fan sin forma y desarraigadas de una fecha en espec\u00edfico, como ahora las conocemos, no fue sino hasta 1849 que se publica en el peri\u00f3dico El socialista, la primera calaverita literaria, ya con m\u00e1s fuerza a lo tradicional de las fechas y haciendo alusiones a la muerte.<\/p>\n<p>Recordemos que la alusi\u00f3n a convivir con muertos en nuestro pa\u00eds es natural, contario a lo que por muchos a\u00f1os se viv\u00eda en otros continentes, grandes artistas retrataban el ciclo de la vida, panteones, cr\u00e1neos, huesos, desigualdad, pobreza, riqueza, tradici\u00f3n en sus cuadros o escritos; sin embargo no resaltar\u00eda la figura de la catrina\u00a0 hasta que Guadalupe Posada creara una representaci\u00f3n mexicana de la muerte, que apareciera posteriormente en cuadros tan representativas para la corriente art\u00edstica mexicana como el de\u00a0 \u201cTarde de domingo en la Alameda\u201d de Diego Rivera.<\/p>\n<p>Historiadores sugieren que el auge de este movimiento literario se da a consecuencia del Porfiriato y su censura, al no poder expresar de manera abierta la desigualdad vivida en esa \u00e9poca los mexicanos buscaron entre su ingenio una manera colorida de expresi\u00f3n, encontrando en las calaveritas una forma de recriminar abiertamente todo lo que se viv\u00eda.<\/p>\n<p>As\u00ed que ahora lo sabes, esas calaveritas que tantos nos gustan son para hacernos re\u00edr y divertimos por un rato, pero detr\u00e1s tienen una historia llena de cr\u00edticas al gobierno y movimientos hist\u00f3ricos importantes, por todo eso amemos y cuidemos nuestras tradiciones.[\/vc_column_text][\/vc_column][\/vc_row]<\/p><\/div>\n","protected":false},"excerpt":{"rendered":"<p>Estaba sentado el equipo de redacci\u00f3n trabajando en una nueva investigaci\u00f3n de pronto un ruido a sus o\u00eddos lleg\u00f3 y a lo lejos la catrina se apareci\u00f3 los miro y miro hasta que pregunt\u00f3 \u00bfa qui\u00e9n me llevo al pante\u00f3n?<\/p>\n","protected":false},"author":2,"featured_media":24949,"comment_status":"open","ping_status":"open","sticky":false,"template":"","format":"standard","meta":{"inline_featured_image":false,"footnotes":""},"categories":[18],"tags":[],"class_list":["post-24948","post","type-post","status-publish","format-standard","has-post-thumbnail","hentry","category-blog"],"_links":{"self":[{"href":"https:\/\/elmodo.mx\/en\/wp-json\/wp\/v2\/posts\/24948","targetHints":{"allow":["GET"]}}],"collection":[{"href":"https:\/\/elmodo.mx\/en\/wp-json\/wp\/v2\/posts"}],"about":[{"href":"https:\/\/elmodo.mx\/en\/wp-json\/wp\/v2\/types\/post"}],"author":[{"embeddable":true,"href":"https:\/\/elmodo.mx\/en\/wp-json\/wp\/v2\/users\/2"}],"replies":[{"embeddable":true,"href":"https:\/\/elmodo.mx\/en\/wp-json\/wp\/v2\/comments?post=24948"}],"version-history":[{"count":4,"href":"https:\/\/elmodo.mx\/en\/wp-json\/wp\/v2\/posts\/24948\/revisions"}],"predecessor-version":[{"id":25595,"href":"https:\/\/elmodo.mx\/en\/wp-json\/wp\/v2\/posts\/24948\/revisions\/25595"}],"wp:featuredmedia":[{"embeddable":true,"href":"https:\/\/elmodo.mx\/en\/wp-json\/wp\/v2\/media\/24949"}],"wp:attachment":[{"href":"https:\/\/elmodo.mx\/en\/wp-json\/wp\/v2\/media?parent=24948"}],"wp:term":[{"taxonomy":"category","embeddable":true,"href":"https:\/\/elmodo.mx\/en\/wp-json\/wp\/v2\/categories?post=24948"},{"taxonomy":"post_tag","embeddable":true,"href":"https:\/\/elmodo.mx\/en\/wp-json\/wp\/v2\/tags?post=24948"}],"curies":[{"name":"wp","href":"https:\/\/api.w.org\/{rel}","templated":true}]}}