{"id":20298,"date":"2019-08-28T15:16:50","date_gmt":"2019-08-28T20:16:50","guid":{"rendered":"https:\/\/elmodo.mx\/?p=20298"},"modified":"2021-11-06T21:21:14","modified_gmt":"2021-11-07T03:21:14","slug":"el-fonografo-noticia","status":"publish","type":"post","link":"https:\/\/elmodo.mx\/en\/el-modo-del-modo\/el-fonografo-noticia\/","title":{"rendered":"El fon\u00f3grafo"},"content":{"rendered":"<div class=\"wpb-content-wrapper\"><p>[vc_row][vc_column width=&#8221;1\/2&#8243;][gsf_gallery layout_style=&#8221;thumbnail&#8221; image_size=&#8221;full&#8221; image_ratio=&#8221;custom&#8221; columns=&#8221;6&#8243; columns_md=&#8221;4&#8243; columns_sm=&#8221;3&#8243; columns_xs=&#8221;3&#8243; columns_mb=&#8221;3&#8243; el_class=&#8221;galeria-post&#8221; images=&#8221;22452&#8243;][\/vc_column][vc_column width=&#8221;1\/2&#8243;][vc_column_text]El fon\u00f3oografooo, m\u00fasica ligada a tu recuerrdooooo, \u00bfClaro que recuerdas ese canto, cierto? En el archivo del MODO tenemos la m\u00e1quina que inspira esta singular melod\u00eda: un Edison Standard Phonograph. A que no sab\u00edas que el fon\u00f3grafo, fue inventado por Thomas Alva Edison el 21 de noviembre de 1877, como la primera m\u00e1quina capaz de grabar y reproducir sonido.<\/p>\r\n\r\n<p>Utilizaba cilindros de cera o celulosa, y para grabar en ellos, el fon\u00f3grafo hac\u00eda girar el cilindro mientras un estilete, colocado sobre su superficie, grababa surcos en forma de h\u00e9lice que recog\u00eda las vibraciones sonoras de voz o m\u00fasica desde una membrana conectada a una trompeta desmontable. Si quer\u00edas reproducir lo que hab\u00edas grabado, s\u00f3lo ten\u00edas que cambiar el estilete por una fina aguja que recorr\u00eda los surcos moviendo la membrana conectada a la trompeta.<\/p>\r\n\r\n<p>El fon\u00f3grafo Edison Standard, cuenta con un motor en la parte interior de la caja, la plataforma arriba, una tapa con asa y una trompeta desmontable. Lo que hace \u00fanico e interesante a este aparato, es que no utiliza electricidad, para hacerlo funcionar, se le da cuerda a una manivela.<\/p>\r\n\r\n<p>\u00bfNada que ver con los discos o plataformas de m\u00fasica digital de hoy en d\u00eda, no creen?<\/p>\r\n\r\n<p>Investigaci\u00f3n y texto por Ricardo Salgado.<\/p>\r\n<p>[\/vc_column_text][\/vc_column][\/vc_row]<\/p><\/div>","protected":false},"excerpt":{"rendered":"<p>El fon\u00f3oografooo, m\u00fasica ligada a tu recuerrdooooo, \u00bfClaro que recuerdas ese canto, cierto? En el archivo del MODO tenemos la m\u00e1quina que inspira esta singular melod\u00eda: un Edison Standard Phonograph.<\/p>\n","protected":false},"author":2,"featured_media":22452,"comment_status":"open","ping_status":"open","sticky":false,"template":"","format":"standard","meta":{"inline_featured_image":false,"footnotes":""},"categories":[4],"tags":[2267,2268,2269,2270,2271,2272,372,594,848,1132,68,123,931],"class_list":["post-20298","post","type-post","status-publish","format-standard","has-post-thumbnail","hentry","category-el-modo-del-modo","tag-cilindro","tag-estilete","tag-grabar","tag-melodias","tag-trompeta","tag-vibraciones","tag-electricidad","tag-fonografo","tag-invento","tag-maquina","tag-museomodo","tag-musica","tag-sonido"],"_links":{"self":[{"href":"https:\/\/elmodo.mx\/en\/wp-json\/wp\/v2\/posts\/20298","targetHints":{"allow":["GET"]}}],"collection":[{"href":"https:\/\/elmodo.mx\/en\/wp-json\/wp\/v2\/posts"}],"about":[{"href":"https:\/\/elmodo.mx\/en\/wp-json\/wp\/v2\/types\/post"}],"author":[{"embeddable":true,"href":"https:\/\/elmodo.mx\/en\/wp-json\/wp\/v2\/users\/2"}],"replies":[{"embeddable":true,"href":"https:\/\/elmodo.mx\/en\/wp-json\/wp\/v2\/comments?post=20298"}],"version-history":[{"count":3,"href":"https:\/\/elmodo.mx\/en\/wp-json\/wp\/v2\/posts\/20298\/revisions"}],"predecessor-version":[{"id":25629,"href":"https:\/\/elmodo.mx\/en\/wp-json\/wp\/v2\/posts\/20298\/revisions\/25629"}],"wp:featuredmedia":[{"embeddable":true,"href":"https:\/\/elmodo.mx\/en\/wp-json\/wp\/v2\/media\/22452"}],"wp:attachment":[{"href":"https:\/\/elmodo.mx\/en\/wp-json\/wp\/v2\/media?parent=20298"}],"wp:term":[{"taxonomy":"category","embeddable":true,"href":"https:\/\/elmodo.mx\/en\/wp-json\/wp\/v2\/categories?post=20298"},{"taxonomy":"post_tag","embeddable":true,"href":"https:\/\/elmodo.mx\/en\/wp-json\/wp\/v2\/tags?post=20298"}],"curies":[{"name":"wp","href":"https:\/\/api.w.org\/{rel}","templated":true}]}}