{"id":20075,"date":"2019-08-20T10:58:21","date_gmt":"2019-08-20T15:58:21","guid":{"rendered":"https:\/\/elmodo.mx\/?p=20075"},"modified":"2021-11-06T21:22:02","modified_gmt":"2021-11-07T03:22:02","slug":"negro-noticia","status":"publish","type":"post","link":"https:\/\/elmodo.mx\/en\/el-modo-del-modo\/negro-noticia\/","title":{"rendered":"Negro"},"content":{"rendered":"<div class=\"wpb-content-wrapper\"><p>[vc_row][vc_column width=&#8221;1\/2&#8243;][gsf_gallery layout_style=&#8221;thumbnail&#8221; image_size=&#8221;full&#8221; image_ratio=&#8221;custom&#8221; columns=&#8221;6&#8243; columns_md=&#8221;4&#8243; columns_sm=&#8221;3&#8243; columns_xs=&#8221;3&#8243; columns_mb=&#8221;3&#8243; el_class=&#8221;galeria-post&#8221; images=&#8221;25641,25643,25645,25647,25649&#8243;][\/vc_column][vc_column width=&#8221;1\/2&#8243;][vc_column_text]Si tuvi\u00e9ramos que elegir un color dif\u00edcil de comprender y que se encuentra en gran parte de nuestra vida cotidiana, tendr\u00edamos que hablar del negro, desde la pregunta clave \u00bfEs o no un color? Hasta su uso y simbolismo en distintas civilizaciones. Y para eso estamos aqu\u00ed, para despejar y darle sentido a todas esas dudas y datos curiosos que no sab\u00edamos.<\/p>\r\n\r\n<p>El color negro es la ausencia de luz y aunque no suene muy l\u00f3gico para nosotros esto quiere decir que el negro es la absorci\u00f3n de todos los colores del espectro de colores, dicho de otra manera, es la absorci\u00f3n de todas las frecuencias de la luz. Se tiene que decir que el negro es la percepci\u00f3n visual del punto m\u00e1s alto de la obscuridad debido a la ausencia de foto receptores.<\/p>\r\n\r\n<p>Y \u00bfPor qu\u00e9 es tan importante para el mundo? En algunas culturas este color guarda los mismos usos y simbolismos, sin embargo, para otras se ha trasformado debido a los cambios sociales, costumbres, religiones, entre otros factores. En Occidente este color representa el luto, tristeza, dolor; alguien muere y se coloca de inmediato un mo\u00f1o negro. Tambi\u00e9n se ha de representar la magia, los hechiceros y toda clase de suerte negativa, por ejemplo, la magia negra, un gato negro paseando entre tus pies o sucesos hist\u00f3ricos como la peste negra.<\/p>\r\n\r\n<p>Pero no todo es luto, al menos en occidente este color ha ganado una posici\u00f3n cuando se habla de evocar sensualidad y elegancia, invita a la seducci\u00f3n a lo prohibido y sexy, en acompa\u00f1amiento con tonalidades rojas. Quien viste de negro proyecta una figura segura, con aut\u00e9ntica personalidad, objetiva y seria. Hablando de cosas sexys, sab\u00edas qu\u00e9 el conejo de la famosa revista Play Boy fue pintado de negro y no de blanco para que lo percibiera de un modo m\u00e1s serio; la primera tarea fue elegir un animal juguet\u00f3n, pero, que no perdiera la elegancia, as\u00ed que se tom\u00f3 el color negro para dotarlo de esa dureza y distinci\u00f3n.<\/p>\r\n\r\n<p>Y\u2026 \u00bfEn Oriente? La percepci\u00f3n es totalmente diferente, aqu\u00ed aplica decir, todo depende con el ojo que se vea, pues para occidente el negro representa muerte y tristeza, mientras que para oriente es considerado como el inicio. Para las culturas chinas es un color elemental que simboliza lo nuevo, el regreso al origen, creaci\u00f3n y evocaci\u00f3n a momentos de felicidad, quiz\u00e1 por esta percepci\u00f3n en algunos pa\u00edses se le considera el color de los ni\u00f1os, partiendo de la idea original del inicio, tambi\u00e9n se ha seleccionado esta gama para representar uno de los cinco elementos de la naturaleza.<\/p>\r\n\r\n<p>Punto extra. Seguro que te han contado que vestirnos de negro es p\u00e9sima idea para ir a la playa o a lugares donde el rayo del sol sea directo, pues se tiene la creencia que este color absorbe m\u00e1s el calor elevando la temperatura, pues hemos vividos enga\u00f1ados, seg\u00fan un estudio realizado por Arturo Quirantes, profesor de la Universidad de Granada, Espa\u00f1a, no es solo el color quien determinar\u00e1 la temperatura en nuestro cuerpo, en un ejemplo explica que puedes llevar negro en d\u00edas calurosos, pero si tu ropa es holgada tendr\u00e1 oportunidad de aprovechar las corrientes de viento, adem\u00e1s estas corrientes se llevaran el calor almacenado por nuestras prendas, sin embargo, si llevas ropa blanca ajustada, el calor que absorbe no tendr\u00e1 oportunidad de salir debido a que las corrientes de vientos no pueden entrar y tampoco salir.<\/p>\r\n\r\n<p>En conclusi\u00f3n, el color negro es un color misterioso, rom\u00e1ntico y triste, como su misma existencia es m\u00edstico y atrae a much\u00edsimos.\u00a0\u00a0<img decoding=\"async\" class=\"wp-image-20084\" src=\"https:\/\/elmodo.mx\/wp-content\/uploads\/2019\/08\/59358954_2260774230672933_3379544803018460095_n-540x540.jpg\" alt=\"\" data-id=\"20084\" data-link=\"https:\/\/elmodo.mx\/?attachment_id=20084\" \/><\/p>\r\n\r\n<p>[\/vc_column_text][\/vc_column][\/vc_row]<\/p><\/div>","protected":false},"excerpt":{"rendered":"<p>Si tuvi\u00e9ramos que elegir un color dif\u00edcil de comprender y que se encuentra en gran parte de nuestra vida cotidiana, tendr\u00edamos que hablar del negro, desde la pregunta clave \u00bfEs o no un color?<\/p>\n","protected":false},"author":2,"featured_media":22465,"comment_status":"open","ping_status":"open","sticky":false,"template":"","format":"standard","meta":{"inline_featured_image":false,"footnotes":""},"categories":[4],"tags":[2248,2249,2250,2251,2075,2252,2253,2254,2255,2256,2257,2258,2259,2260,2261,2262,1970,1730],"class_list":["post-20075","post","type-post","status-publish","format-standard","has-post-thumbnail","hentry","category-el-modo-del-modo","tag-absorcion","tag-ausencia","tag-cambiosociales","tag-civilizaciones","tag-colores-mexicoescolor-colorido-colors-mexicano-mexico-nacioncolorida-mexicoacolor-color-comex","tag-culturas","tag-frecuencias","tag-hechiceros","tag-luto","tag-magia","tag-negro-colornegro","tag-obscuridad","tag-percepcion","tag-receptores","tag-simbolismo","tag-tristeza","tag-dolor","tag-visual"],"_links":{"self":[{"href":"https:\/\/elmodo.mx\/en\/wp-json\/wp\/v2\/posts\/20075","targetHints":{"allow":["GET"]}}],"collection":[{"href":"https:\/\/elmodo.mx\/en\/wp-json\/wp\/v2\/posts"}],"about":[{"href":"https:\/\/elmodo.mx\/en\/wp-json\/wp\/v2\/types\/post"}],"author":[{"embeddable":true,"href":"https:\/\/elmodo.mx\/en\/wp-json\/wp\/v2\/users\/2"}],"replies":[{"embeddable":true,"href":"https:\/\/elmodo.mx\/en\/wp-json\/wp\/v2\/comments?post=20075"}],"version-history":[{"count":3,"href":"https:\/\/elmodo.mx\/en\/wp-json\/wp\/v2\/posts\/20075\/revisions"}],"predecessor-version":[{"id":25651,"href":"https:\/\/elmodo.mx\/en\/wp-json\/wp\/v2\/posts\/20075\/revisions\/25651"}],"wp:featuredmedia":[{"embeddable":true,"href":"https:\/\/elmodo.mx\/en\/wp-json\/wp\/v2\/media\/22465"}],"wp:attachment":[{"href":"https:\/\/elmodo.mx\/en\/wp-json\/wp\/v2\/media?parent=20075"}],"wp:term":[{"taxonomy":"category","embeddable":true,"href":"https:\/\/elmodo.mx\/en\/wp-json\/wp\/v2\/categories?post=20075"},{"taxonomy":"post_tag","embeddable":true,"href":"https:\/\/elmodo.mx\/en\/wp-json\/wp\/v2\/tags?post=20075"}],"curies":[{"name":"wp","href":"https:\/\/api.w.org\/{rel}","templated":true}]}}