{"id":19973,"date":"2019-08-16T12:20:41","date_gmt":"2019-08-16T17:20:41","guid":{"rendered":"https:\/\/elmodo.mx\/?p=19973"},"modified":"2021-11-06T21:22:20","modified_gmt":"2021-11-07T03:22:20","slug":"rufino-tamayo-noticia","status":"publish","type":"post","link":"https:\/\/elmodo.mx\/en\/el-modo-del-modo\/rufino-tamayo-noticia\/","title":{"rendered":"Rufino Tamayo"},"content":{"rendered":"<div class=\"wpb-content-wrapper\"><p>[vc_row][vc_column width=&#8221;1\/2&#8243;][gsf_gallery layout_style=&#8221;thumbnail&#8221; image_size=&#8221;full&#8221; image_ratio=&#8221;custom&#8221; columns=&#8221;6&#8243; columns_md=&#8221;4&#8243; columns_sm=&#8221;3&#8243; columns_xs=&#8221;3&#8243; columns_mb=&#8221;3&#8243; el_class=&#8221;galeria-post&#8221; images=&#8221;22463&#8243;][\/vc_column][vc_column width=&#8221;1\/2&#8243;][vc_column_text]Hago lo que quiero, \u00a1Siempre! Y creo que hasta nos podemos poner un poco sentimentales en ese sentido: yo creo que el amor es una cosa fundamental&#8230;<\/p>\r\n\r\n<p>No hay mejor manera de describir a Rufino Tamayo que con sus propias letras, pues en esta frase inicial describe su alma, su trabajo y su manera peculiar de llevar la vida, dec\u00edan los que tuvieron la fortuna de conocerlo que era un hombre entregado, disciplinado, dif\u00edcil con lo acad\u00e9mico, alegre, con un sentido del humor amplio, autodidacta y amoroso.<\/p>\r\n\r\n<p>Originario de Oaxaca Tamayo fue el primero en su familia en inclinase por las artes, su padre era zapatero y su madre se ocupaba de las ense\u00f1anzas religiosas, Tamayo fue abandonado por su padre tras la muerte de su madre, qued\u00f3 al cuidado de su t\u00eda quien resid\u00eda en la ciudad de M\u00e9xico.\u00a0 A corta edad entra a estudiar a la Academia San Carlos, la cual termina abandon\u00e1ndola por su car\u00e1cter y temperamento, Rufino Tamayo ten\u00eda la ideolog\u00eda fiel de descubrir por s\u00ed mismo lo que el artista tiene como t\u00e9cnica.<\/p>\r\n\r\n<p>Entre sus habilidades era capaz de realizare murales, vitrales, litograf\u00edas y mixografias, su primer mural fue El canto y la m\u00fasica, su trabajo lleg\u00f3 a ser reconocido en distintos pa\u00edses, su primera exposici\u00f3n, en Nueva York, hizo que su imagen cobrara importancia, haci\u00e9ndolo cada d\u00eda m\u00e1s reconocido por su sello personal. Y aunque a veces no estaba de acuerdo con la ense\u00f1anza acad\u00e9mica Tamayo acept\u00f3 un cargo como maestro en Dalton School of Art\u00a0en Nueva York.<\/p>\r\n\r\n<p>Su vida personal tuvo un gran impacto en la manera en que ve\u00eda el arte, claro ejemplo se encuentra en sus obras de naturaleza muerta, quiz\u00e1 era el reflejo del trabajo que tuve que ejercer en el mercado la Merced, donde su familia ten\u00eda un puesto de frutas y verduras. Su vida marcada por el amor lo llev\u00f3 a realizar 20 retratos de su esposa Olga con quien mantuvo un matrimonio de 57 a\u00f1os.<\/p>\r\n\r\n<p>Entre sus obras m\u00e1s destacadas podemos encontrar; El d\u00eda y la noche, La gran galaxia, Tres personajes, Retrato de Olga, entre muchas otras obras que hoy a\u00fan son exhibidos en el Palacio Nacional de Bellas Artes, el Museo Nacional de Antropolog\u00eda, el Conservatorio Nacional de M\u00fasica, el plano nacional. Fuera del pa\u00eds realizo y dej\u00f3 obras en Estados Unidos, Puerto Rico, Par\u00eds y Francia.\u00a0 Su consolidaci\u00f3n se da despu\u00e9s de la Bienal con sede en Venc\u00eda, cuando acepta instalar una sala con sus trabajos.<\/p>\r\n\r\n<p>Entre los galardones por su interminable trayectoria recibi\u00f3 el Premio Nacional de Ciencia y Arte, Caballo de la Legi\u00f3n de Honor en Francia, fue reconocido por distintas universidades como la UNAM, La Universidad de Veracruz y algunas de Estados Unidos donde ejerci\u00f3 como docente.<\/p>\r\n\r\n<p>Rufino Tamayo muri\u00f3 dejando un legado art\u00edstico que sin dudarlo realzaron el mundo de la pintura y el nombre de M\u00e9xico, un artista influenciado por los colores de su pa\u00eds, de su tierra de su gente, a quien dej\u00f3 cuando cumpli\u00f3 92 a\u00f1os, un 24 de junio de 1991.<\/p>\r\n<p>[\/vc_column_text][\/vc_column][\/vc_row]<\/p><\/div>","protected":false},"excerpt":{"rendered":"<p>Hago lo que quiero, \u00a1Siempre! Y creo que hasta nos podemos poner un poco sentimentales en ese sentido: yo creo que el amor es una cosa fundamental.<\/p>\n","protected":false},"author":2,"featured_media":22463,"comment_status":"open","ping_status":"open","sticky":false,"template":"","format":"standard","meta":{"inline_featured_image":false,"footnotes":""},"categories":[4],"tags":[2243,2087,2244,2245,1988,1989,2246,2187,1991,2202,2189,1993,2140,2247,296,50,495],"class_list":["post-19973","post","type-post","status-publish","format-standard","has-post-thumbnail","hentry","category-el-modo-del-modo","tag-bienal","tag-coleccionmodo-coleccion","tag-ideologia","tag-litografias","tag-mexicoacolor","tag-mexicocolorido","tag-mixografias","tag-murales","tag-obras","tag-obrasartisticas","tag-pintor","tag-pinturas","tag-tecnicas","tag-vitrales","tag-arte","tag-exposicion","tag-pintura"],"_links":{"self":[{"href":"https:\/\/elmodo.mx\/en\/wp-json\/wp\/v2\/posts\/19973","targetHints":{"allow":["GET"]}}],"collection":[{"href":"https:\/\/elmodo.mx\/en\/wp-json\/wp\/v2\/posts"}],"about":[{"href":"https:\/\/elmodo.mx\/en\/wp-json\/wp\/v2\/types\/post"}],"author":[{"embeddable":true,"href":"https:\/\/elmodo.mx\/en\/wp-json\/wp\/v2\/users\/2"}],"replies":[{"embeddable":true,"href":"https:\/\/elmodo.mx\/en\/wp-json\/wp\/v2\/comments?post=19973"}],"version-history":[{"count":3,"href":"https:\/\/elmodo.mx\/en\/wp-json\/wp\/v2\/posts\/19973\/revisions"}],"predecessor-version":[{"id":25653,"href":"https:\/\/elmodo.mx\/en\/wp-json\/wp\/v2\/posts\/19973\/revisions\/25653"}],"wp:featuredmedia":[{"embeddable":true,"href":"https:\/\/elmodo.mx\/en\/wp-json\/wp\/v2\/media\/22463"}],"wp:attachment":[{"href":"https:\/\/elmodo.mx\/en\/wp-json\/wp\/v2\/media?parent=19973"}],"wp:term":[{"taxonomy":"category","embeddable":true,"href":"https:\/\/elmodo.mx\/en\/wp-json\/wp\/v2\/categories?post=19973"},{"taxonomy":"post_tag","embeddable":true,"href":"https:\/\/elmodo.mx\/en\/wp-json\/wp\/v2\/tags?post=19973"}],"curies":[{"name":"wp","href":"https:\/\/api.w.org\/{rel}","templated":true}]}}