{"id":19843,"date":"2019-08-08T17:00:23","date_gmt":"2019-08-08T22:00:23","guid":{"rendered":"https:\/\/elmodo.mx\/?p=19843"},"modified":"2019-11-18T15:23:51","modified_gmt":"2019-11-18T21:23:51","slug":"naranja-anaranjado-naranjo","status":"publish","type":"post","link":"https:\/\/elmodo.mx\/en\/el-modo-del-modo\/naranja-anaranjado-naranjo\/","title":{"rendered":"Naranja, anaranjado, naranjo"},"content":{"rendered":"<div class=\"wpb-content-wrapper\"><p>[vc_row][vc_column width=&#8221;1\/2&#8243;][gsf_gallery layout_style=&#8221;thumbnail&#8221; image_size=&#8221;full&#8221; image_ratio=&#8221;custom&#8221; columns=&#8221;6&#8243; columns_md=&#8221;4&#8243; columns_sm=&#8221;3&#8243; columns_xs=&#8221;3&#8243; columns_mb=&#8221;3&#8243; el_class=&#8221;galeria-post&#8221; images=&#8221;25655,25657,25659&#8243;][\/vc_column][vc_column width=&#8221;1\/2&#8243;][vc_column_text]Nuestro cuerpo habla al momento de interactuar con los colores, la percepci\u00f3n de nuestros distintos \u00f3rganos, como ojos o cerebro reciben se\u00f1ales que var\u00edan dependiendo a las tonalidades que se nos presenten o se encuentren impl\u00edcitas en nuestras vidas. La psicolog\u00eda del color estudia estos efectos y sus repercusiones en el cuerpo, aqu\u00ed repasaremos todo lo que el color naranja provoca en nosotros.<\/p>\r\n\r\n<p>La palabra naranja proviene del S\u00e1nscrito naranga que significa naranjo, m\u00e1s tarde pasar\u00eda al persa y de ah\u00ed al \u00e1rabe, en la edad media entra adaptado al espa\u00f1ol como naranjo y naranja para la fruta. La Real Academia Espa\u00f1ola design\u00f3 la palabra anaranjado para nombrar el color y naranja para el fruto, sin embargo, con la expansi\u00f3n del lenguaje se empez\u00f3 a aceptar el termino naranja para color y fruto sin tener alguna distinci\u00f3n.<\/p>\r\n\r\n<p>El naranja es el color resultado de una combinaci\u00f3n del rojo un color primario y el amarillo, su longitud de onda mide entre 595 a 630 <a href=\"https:\/\/es.wikipedia.org\/wiki\/Nan%C3%B3metro\">nm<\/a>.<a href=\"https:\/\/es.wikipedia.org\/wiki\/Naranja_(color)#cite_note-Spectra-2\">2<\/a>\u00a0 Y aunque esta gama no entra en los colores primarios es muy importante en nuestras vidas ya que en la psicolog\u00eda se usa constantemente.<\/p>\r\n\r\n<p>El naranja representa la alegr\u00eda, lo en\u00e9rgico, lo ex\u00f3tico, lo social, a las personas llamativas, en algunas tonalidades representa seres fr\u00edvolos y peligrosos, se ha asociado con la sensualidad y la lujuria.<\/p>\r\n\r\n<p>Existe otro lado de la psicolog\u00eda que estudia la relaci\u00f3n de consumidor y color, sobre como emplear y para que emplear estas tonalidades en negocios, ropa o accesorios que utilizamos d\u00eda a d\u00eda. Se ha encontrado que los colores rojo, amarillo y naranja estimulan el apetito, por ello podr\u00e1s encontrar restaurantes cubiertos con este color. En cuanto a nuestras decisiones de compra tambi\u00e9n se ve afectada por lo que nuestros ojos ven, ya que se comprob\u00f3 que el naranja provoca una sensaci\u00f3n de bienestar al adquirir alg\u00fan producto.<\/p>\r\n\r\n<p>Y a ti \u00bfTe gusta este color? En diferentes partes del mundo el naranja juega un papel importante, es el color asociado al budismo, en puerto rico es llamado chinita y en Venezuela es llamado anaranjado. El color de los uniformes de presos en muchos pa\u00edses es naranja, esto con la finalidad de distinguirlos de entre civiles o multitudes.<\/p>\r\n\r\n<p>Si se piensa en alg\u00fan objeto con este color de inmediato podemos relacionarlo con el astro que ilumina nuestros d\u00edas, as\u00ed es, con el sol, pues en nuestra percepci\u00f3n podemos observar sus gamas rojas, amarillas y naranja, pero \u00a1Oh sorpresa! en realidad, nuestro sol es una enorme bola de gases que no tienen color, si pudi\u00e9ramos viajar al espacio y estar cerca de este gigante podr\u00edamos darnos cuenta que en realidad es blanco.<\/p>\r\n\r\n<p>&nbsp;<\/p>\r\n\r\n<ul class=\"wp-block-gallery columns-3 is-cropped wp-block-gallery-1 is-layout-flex wp-block-gallery-is-layout-flex\">\r\n<li class=\"blocks-gallery-item\">\r\n<figure><img decoding=\"async\" class=\"wp-image-19844\" src=\"https:\/\/elmodo.mx\/wp-content\/uploads\/2019\/08\/65886687_171592253883739_5169972147495388257_n-540x540.jpg\" alt=\"\" data-id=\"19844\" data-link=\"https:\/\/elmodo.mx\/?attachment_id=19844\" \/><\/figure>\r\n<\/li>\r\n<li class=\"blocks-gallery-item\">\r\n<figure><img decoding=\"async\" class=\"wp-image-19846\" src=\"https:\/\/elmodo.mx\/wp-content\/uploads\/2019\/08\/66024073_443532306497707_9061126117593453298_n1-540x540.jpg\" alt=\"\" data-id=\"19846\" data-link=\"https:\/\/elmodo.mx\/?attachment_id=19846\" \/><\/figure>\r\n<\/li>\r\n<li class=\"blocks-gallery-item\">\r\n<figure><img decoding=\"async\" class=\"wp-image-19848\" src=\"https:\/\/elmodo.mx\/wp-content\/uploads\/2019\/08\/59956560_395250577987193_4483831053471354556_n-540x540.jpg\" alt=\"\" data-id=\"19848\" data-link=\"https:\/\/elmodo.mx\/?attachment_id=19848\" \/><\/figure>\r\n<\/li>\r\n<\/ul>\r\n<p>[\/vc_column_text][\/vc_column][\/vc_row]<\/p><\/div>","protected":false},"excerpt":{"rendered":"<p>Nuestro cuerpo habla al momento de interactuar con los colores, la percepci\u00f3n de nuestros distintos \u00f3rganos, como ojos o cerebro reciben se\u00f1ales que var\u00edan dependiendo a las tonalidades que se nos presenten o se encuentren impl\u00edcitas en nuestras vidas.<\/p>\n","protected":false},"author":2,"featured_media":22492,"comment_status":"open","ping_status":"open","sticky":false,"template":"","format":"standard","meta":{"inline_featured_image":false,"footnotes":""},"categories":[4],"tags":[2236,2237,2087,2075,2238,2239,2240,2241,2242,2197,1994,1965,864],"class_list":["post-19843","post","type-post","status-publish","format-standard","has-post-thumbnail","hentry","category-el-modo-del-modo","tag-alefria","tag-anaranjado","tag-coleccionmodo-coleccion","tag-colores-mexicoescolor-colorido-colors-mexicano-mexico-nacioncolorida-mexicoacolor-color-comex","tag-colronaranja","tag-distincion","tag-frivolidad","tag-lujuria","tag-naranjo","tag-psicologiadelcolor","tag-tonalidades","tag-energia","tag-fruta"],"_links":{"self":[{"href":"https:\/\/elmodo.mx\/en\/wp-json\/wp\/v2\/posts\/19843","targetHints":{"allow":["GET"]}}],"collection":[{"href":"https:\/\/elmodo.mx\/en\/wp-json\/wp\/v2\/posts"}],"about":[{"href":"https:\/\/elmodo.mx\/en\/wp-json\/wp\/v2\/types\/post"}],"author":[{"embeddable":true,"href":"https:\/\/elmodo.mx\/en\/wp-json\/wp\/v2\/users\/2"}],"replies":[{"embeddable":true,"href":"https:\/\/elmodo.mx\/en\/wp-json\/wp\/v2\/comments?post=19843"}],"version-history":[{"count":3,"href":"https:\/\/elmodo.mx\/en\/wp-json\/wp\/v2\/posts\/19843\/revisions"}],"predecessor-version":[{"id":25661,"href":"https:\/\/elmodo.mx\/en\/wp-json\/wp\/v2\/posts\/19843\/revisions\/25661"}],"wp:featuredmedia":[{"embeddable":true,"href":"https:\/\/elmodo.mx\/en\/wp-json\/wp\/v2\/media\/22492"}],"wp:attachment":[{"href":"https:\/\/elmodo.mx\/en\/wp-json\/wp\/v2\/media?parent=19843"}],"wp:term":[{"taxonomy":"category","embeddable":true,"href":"https:\/\/elmodo.mx\/en\/wp-json\/wp\/v2\/categories?post=19843"},{"taxonomy":"post_tag","embeddable":true,"href":"https:\/\/elmodo.mx\/en\/wp-json\/wp\/v2\/tags?post=19843"}],"curies":[{"name":"wp","href":"https:\/\/api.w.org\/{rel}","templated":true}]}}