{"id":18589,"date":"2019-06-04T15:51:10","date_gmt":"2019-06-04T20:51:10","guid":{"rendered":"https:\/\/elmodo.mx\/?p=18589"},"modified":"2019-11-18T16:33:05","modified_gmt":"2019-11-18T22:33:05","slug":"para-comex-el-color-es-un-motor-de-vida-emociones-y-sensaciones","status":"publish","type":"post","link":"https:\/\/elmodo.mx\/en\/el-modo-del-modo\/para-comex-el-color-es-un-motor-de-vida-emociones-y-sensaciones\/","title":{"rendered":"El color como motor de vida, emociones y sensaciones\u2026"},"content":{"rendered":"<div class=\"wpb-content-wrapper\"><p>[vc_row][vc_column width=&#8221;1\/2&#8243;][gsf_gallery layout_style=&#8221;thumbnail&#8221; image_size=&#8221;full&#8221; image_ratio=&#8221;custom&#8221; columns=&#8221;6&#8243; columns_md=&#8221;4&#8243; columns_sm=&#8221;3&#8243; columns_xs=&#8221;3&#8243; columns_mb=&#8221;3&#8243; el_class=&#8221;galeria-post&#8221; images=&#8221;25735,25737,25739,25741,25743,25745&#8243;][\/vc_column][vc_column width=&#8221;1\/2&#8243;][vc_column_text]Es el veh\u00edculo perfecto para liberar lo que deseamos expresar, para accionar lo que est\u00e1 pausado, para conectar con lo vivo y para hacer explotar nuestros sentidos.<\/p>\r\n\r\n<p>Pasarelas, escaparates, exposiciones, productos, empaques, maquillajes, accesorios, edificios, obras majestuosas, interiorismo, y muchos otros espacios, se transforman con la paleta de colores ColorLife de Comex en este espacio que rinde un homenaje a nuestra esencia, el color.<\/p>\r\n\r\n<p>Un grupo de expertos participan con nosotros en la generaci\u00f3n de las propuestas que presentamos en este espacio, con el prop\u00f3sito de ser la referencia que inspira a los mexicanos para embellecer y transformar los espacios que habitan, convertirlos en escenarios de historias maravillosas, presentar piezas \u00fanicas y cotidianas que nos ense\u00f1an a apreciar la relevancia del color y su presencia constante en nuestra vida cotidiana.<\/p>\r\n\r\n<p>ColorLife, nuestra paleta de color, es la v\u00eda perfecta para expresarnos, nuestra herramienta m\u00e1xima para llevarlo al espacio f\u00edsico, enalteciendo nuestra condici\u00f3n de individuos \u00fanicos en el universo.<\/p>\r\n\r\n<p>Cada uno de nosotros percibimos, utilizamos, creamos, e interpretamos los colores de manera distinta en cada experiencia y circunstancia que vivimos de acuerdo a nuestros entornos contrastantes y multiculturales.<\/p>\r\n\r\n<p>Te invitamos a disfrutar este viaje transport\u00e1ndote en cada tono a lugares m\u00e1gicos en tus sentidos, d\u00e9jate guiar por tus ojos\u00a0 y escucha un llamado a la conciencia, despierta a la realidad inmediata y reconecta contigo mismo para convertirte en un color m\u00e1s del universo.<\/p>\r\n\r\n<p>En Comex, vivimos, respiramos e irradiamos color, para embellecer y proteger tu vida.<img decoding=\"async\" class=\"wp-image-18604\" src=\"https:\/\/elmodo.mx\/wp-content\/uploads\/2019\/06\/DSC5361-540x303.jpg\" alt=\"\" data-id=\"18604\" data-link=\"https:\/\/elmodo.mx\/?attachment_id=18604\" \/><\/p>\r\n\r\n<p>[\/vc_column_text][\/vc_column][\/vc_row]<\/p><\/div>","protected":false},"excerpt":{"rendered":"<p>Es el veh\u00edculo perfecto para liberar lo que deseamos expresar, para accionar lo que est\u00e1 pausado, para conectar con lo vivo y para hacer explotar nuestros sentidos.<\/p>\n","protected":false},"author":2,"featured_media":22567,"comment_status":"open","ping_status":"open","sticky":false,"template":"","format":"standard","meta":{"inline_featured_image":false,"footnotes":""},"categories":[4],"tags":[2075,2098,2099,2100,2101,2102,2103,2104,2105,1991,2106,2107,2108,2109,1020,464,1821,1088],"class_list":["post-18589","post","type-post","status-publish","format-standard","has-post-thumbnail","hentry","category-el-modo-del-modo","tag-colores-mexicoescolor-colorido-colors-mexicano-mexico-nacioncolorida-mexicoacolor-color-comex","tag-colorlife","tag-comex","tag-creamos","tag-embellecer","tag-emociones","tag-escaparates","tag-experiencia","tag-interiorismo","tag-obras","tag-paletadecolor","tag-pasarelas","tag-sensaciones","tag-sentidos","tag-espacios","tag-exposiciones","tag-herramienta","tag-productos"],"_links":{"self":[{"href":"https:\/\/elmodo.mx\/en\/wp-json\/wp\/v2\/posts\/18589","targetHints":{"allow":["GET"]}}],"collection":[{"href":"https:\/\/elmodo.mx\/en\/wp-json\/wp\/v2\/posts"}],"about":[{"href":"https:\/\/elmodo.mx\/en\/wp-json\/wp\/v2\/types\/post"}],"author":[{"embeddable":true,"href":"https:\/\/elmodo.mx\/en\/wp-json\/wp\/v2\/users\/2"}],"replies":[{"embeddable":true,"href":"https:\/\/elmodo.mx\/en\/wp-json\/wp\/v2\/comments?post=18589"}],"version-history":[{"count":3,"href":"https:\/\/elmodo.mx\/en\/wp-json\/wp\/v2\/posts\/18589\/revisions"}],"predecessor-version":[{"id":25747,"href":"https:\/\/elmodo.mx\/en\/wp-json\/wp\/v2\/posts\/18589\/revisions\/25747"}],"wp:featuredmedia":[{"embeddable":true,"href":"https:\/\/elmodo.mx\/en\/wp-json\/wp\/v2\/media\/22567"}],"wp:attachment":[{"href":"https:\/\/elmodo.mx\/en\/wp-json\/wp\/v2\/media?parent=18589"}],"wp:term":[{"taxonomy":"category","embeddable":true,"href":"https:\/\/elmodo.mx\/en\/wp-json\/wp\/v2\/categories?post=18589"},{"taxonomy":"post_tag","embeddable":true,"href":"https:\/\/elmodo.mx\/en\/wp-json\/wp\/v2\/tags?post=18589"}],"curies":[{"name":"wp","href":"https:\/\/api.w.org\/{rel}","templated":true}]}}