{"id":18302,"date":"2019-05-21T14:30:52","date_gmt":"2019-05-21T19:30:52","guid":{"rendered":"https:\/\/elmodo.mx\/?p=18302"},"modified":"2019-11-18T16:42:20","modified_gmt":"2019-11-18T22:42:20","slug":"arquitectura-mexicana-y-color","status":"publish","type":"post","link":"https:\/\/elmodo.mx\/en\/el-modo-del-modo\/arquitectura-mexicana-y-color\/","title":{"rendered":"Arquitectura mexicana y color"},"content":{"rendered":"<div class=\"wpb-content-wrapper\"><p>[vc_row][vc_column width=&#8221;1\/2&#8243;][gsf_gallery layout_style=&#8221;thumbnail&#8221; image_size=&#8221;full&#8221; image_ratio=&#8221;custom&#8221; columns=&#8221;6&#8243; columns_md=&#8221;4&#8243; columns_sm=&#8221;3&#8243; columns_xs=&#8221;3&#8243; columns_mb=&#8221;3&#8243; el_class=&#8221;galeria-post&#8221; images=&#8221;25764,25766,25768,25770,25772&#8243;][\/vc_column][vc_column width=&#8221;1\/2&#8243;][vc_column_text]El color en la arquitectura sirve para producir ciertos efectos visuales y evidenciar vol\u00famenes o detalles constructivos, al mismo tiempo estimula los sentidos generando sensaciones y emociones. En las ciudades, la arquitectura determina el paisaje y el color juega un papel sumamente importante.<\/p>\r\n\r\n<p>La arquitectura mexicana est\u00e1 \u00edntimamente ligada al color y la paleta generada a partir del siglo XX esta asociada con vivacidad, espiritualidad, pero tambi\u00e9n con identidad.<\/p>\r\n\r\n<p>La b\u00fasqueda de un color procedente de lo natural que se asociara con el entorno local y el paisaje nativo, fueron parte de los experimentos con color de Juan O`Gorman. Posteriormente los ejercicios de integraci\u00f3n pl\u00e1stica de la primera mitad del siglo XX en donde arte y arquitectura compart\u00edan paleta y significados, fueron fundamentales para asociar la arquitectura moderna y el color. Luego vinieron los principios b\u00e1sicos de Luis Barrag\u00e1n y su entendimiento del color como una herramienta para modificar el espacio. El uso del color como valor local, al tiempo que como marca internacional fueron propios de la obra monumental y arquitect\u00f3nica de Mathias Goeritz, mientras que Ricardo Legorreta supo integrar el color, asociado con la tradici\u00f3n vern\u00e1cula y popular mexicana, a sus estructuras industriales, a sus obras p\u00fablicas y tambi\u00e9n a sus casas unifamiliares y ambientes dom\u00e9sticos.<img decoding=\"async\" class=\"wp-image-18325\" src=\"https:\/\/elmodo.mx\/wp-content\/uploads\/2019\/05\/IMG_20190325_135409-540x540.jpg\" alt=\"\" data-id=\"18325\" data-link=\"https:\/\/elmodo.mx\/?attachment_id=18325\" \/><\/p>\r\n\r\n<p>[\/vc_column_text][\/vc_column][\/vc_row]<\/p><\/div>","protected":false},"excerpt":{"rendered":"<p>El color en la arquitectura sirve para producir ciertos efectos visuales y evidenciar vol\u00famenes o detalles constructivos, al mismo tiempo estimula los sentidos generando sensaciones y emociones.<\/p>\n","protected":false},"author":2,"featured_media":22503,"comment_status":"open","ping_status":"open","sticky":false,"template":"","format":"standard","meta":{"inline_featured_image":false,"footnotes":""},"categories":[4],"tags":[1983,1988,1989,387,54,36],"class_list":["post-18302","post","type-post","status-publish","format-standard","has-post-thumbnail","hentry","category-el-modo-del-modo","tag-color","tag-mexicoacolor","tag-mexicocolorido","tag-arquitectura","tag-arquitecturamexico","tag-mexico"],"_links":{"self":[{"href":"https:\/\/elmodo.mx\/en\/wp-json\/wp\/v2\/posts\/18302","targetHints":{"allow":["GET"]}}],"collection":[{"href":"https:\/\/elmodo.mx\/en\/wp-json\/wp\/v2\/posts"}],"about":[{"href":"https:\/\/elmodo.mx\/en\/wp-json\/wp\/v2\/types\/post"}],"author":[{"embeddable":true,"href":"https:\/\/elmodo.mx\/en\/wp-json\/wp\/v2\/users\/2"}],"replies":[{"embeddable":true,"href":"https:\/\/elmodo.mx\/en\/wp-json\/wp\/v2\/comments?post=18302"}],"version-history":[{"count":3,"href":"https:\/\/elmodo.mx\/en\/wp-json\/wp\/v2\/posts\/18302\/revisions"}],"predecessor-version":[{"id":25774,"href":"https:\/\/elmodo.mx\/en\/wp-json\/wp\/v2\/posts\/18302\/revisions\/25774"}],"wp:featuredmedia":[{"embeddable":true,"href":"https:\/\/elmodo.mx\/en\/wp-json\/wp\/v2\/media\/22503"}],"wp:attachment":[{"href":"https:\/\/elmodo.mx\/en\/wp-json\/wp\/v2\/media?parent=18302"}],"wp:term":[{"taxonomy":"category","embeddable":true,"href":"https:\/\/elmodo.mx\/en\/wp-json\/wp\/v2\/categories?post=18302"},{"taxonomy":"post_tag","embeddable":true,"href":"https:\/\/elmodo.mx\/en\/wp-json\/wp\/v2\/tags?post=18302"}],"curies":[{"name":"wp","href":"https:\/\/api.w.org\/{rel}","templated":true}]}}