{"id":18182,"date":"2019-05-14T13:00:24","date_gmt":"2019-05-14T18:00:24","guid":{"rendered":"https:\/\/elmodo.mx\/?p=18182"},"modified":"2019-11-18T16:48:17","modified_gmt":"2019-11-18T22:48:17","slug":"un-pais-industrializado-un-pais-de-color","status":"publish","type":"post","link":"https:\/\/elmodo.mx\/en\/el-modo-del-modo\/un-pais-industrializado-un-pais-de-color\/","title":{"rendered":"Un pa\u00eds industrializado, un pa\u00eds de color"},"content":{"rendered":"<div class=\"wpb-content-wrapper\"><p>[vc_row][vc_column width=&#8221;1\/2&#8243;][gsf_gallery layout_style=&#8221;thumbnail&#8221; image_size=&#8221;full&#8221; image_ratio=&#8221;custom&#8221; columns=&#8221;6&#8243; columns_md=&#8221;4&#8243; columns_sm=&#8221;3&#8243; columns_xs=&#8221;3&#8243; columns_mb=&#8221;3&#8243; el_class=&#8221;galeria-post&#8221; images=&#8221;25780,25782,25784,25786,25788,25790&#8243;][\/vc_column][vc_column width=&#8221;1\/2&#8243;][vc_column_text]Hacia finales de los a\u00f1os treinta del siglo pasado M\u00e9xico comenz\u00f3 una acelerada industrializaci\u00f3n; el uso del concreto en la arquitectura cambi\u00f3 la manera de hacer inmuebles y tambi\u00e9n de hacer ciudad. Los avances t\u00e9cnicos de entonces permitieron que surgiera un buen n\u00famero de f\u00e1bricas de pintura que comenzaron a propagar la idea de que el color, ahora ya industrializado, era accesible para el com\u00fan de la poblaci\u00f3n que buscaba generar nuevos ambientes en su vida cotidiana. Los colores industriales supusieron tambi\u00e9n una nueva gama crom\u00e1tica, entre la que se pod\u00eda encontrar toda clase de colores, incluso met\u00e1licos y tornasoles, que dieron pie a un nuevo vocabulario visual que no s\u00f3lo se reflej\u00f3 en edificios e interiores, sino tambi\u00e9n en el trabajo de artistas como David Alfaro Siqueiros.<\/p>\r\n\r\n<p>La tecnolog\u00eda promovi\u00f3 una nueva dimensi\u00f3n en cuestiones de colorimetr\u00eda, en este sentido el color comenz\u00f3 a percibirse como el sin\u00f3nimo de una nueva etapa en el pa\u00eds: moderno, desarrollado y cosmopolita que respond\u00eda a las exigencias del orden mundial.<img decoding=\"async\" class=\"wp-image-18197\" src=\"https:\/\/elmodo.mx\/wp-content\/uploads\/2019\/05\/BLOG-4-540x303.jpg\" alt=\"\" data-id=\"18197\" data-link=\"https:\/\/elmodo.mx\/?attachment_id=18197\" \/><\/p>\r\n\r\n<p>[\/vc_column_text][\/vc_column][\/vc_row]<\/p><\/div>","protected":false},"excerpt":{"rendered":"<p>Hacia finales de los a\u00f1os treinta del siglo pasado M\u00e9xico comenz\u00f3 una acelerada industrializaci\u00f3n; el uso del concreto en la arquitectura cambi\u00f3 la manera de hacer inmuebles y tambi\u00e9n de hacer ciudad.<\/p>\n","protected":false},"author":2,"featured_media":22633,"comment_status":"open","ping_status":"open","sticky":false,"template":"","format":"standard","meta":{"inline_featured_image":false,"footnotes":""},"categories":[4],"tags":[1981,2063,1983,1985,1987,1988,1989,1993,2039,296,2044,490,298,2046,50,36,2048],"class_list":["post-18182","post","type-post","status-publish","format-standard","has-post-thumbnail","hentry","category-el-modo-del-modo","tag-artistas","tag-colometria","tag-color","tag-colors","tag-gamadecolor","tag-mexicoacolor","tag-mexicocolorido","tag-pinturas","tag-tintas","tag-arte","tag-artepopular","tag-colores","tag-cultura","tag-culturamexicana","tag-exposicion","tag-mexico","tag-nacional"],"_links":{"self":[{"href":"https:\/\/elmodo.mx\/en\/wp-json\/wp\/v2\/posts\/18182","targetHints":{"allow":["GET"]}}],"collection":[{"href":"https:\/\/elmodo.mx\/en\/wp-json\/wp\/v2\/posts"}],"about":[{"href":"https:\/\/elmodo.mx\/en\/wp-json\/wp\/v2\/types\/post"}],"author":[{"embeddable":true,"href":"https:\/\/elmodo.mx\/en\/wp-json\/wp\/v2\/users\/2"}],"replies":[{"embeddable":true,"href":"https:\/\/elmodo.mx\/en\/wp-json\/wp\/v2\/comments?post=18182"}],"version-history":[{"count":3,"href":"https:\/\/elmodo.mx\/en\/wp-json\/wp\/v2\/posts\/18182\/revisions"}],"predecessor-version":[{"id":25792,"href":"https:\/\/elmodo.mx\/en\/wp-json\/wp\/v2\/posts\/18182\/revisions\/25792"}],"wp:featuredmedia":[{"embeddable":true,"href":"https:\/\/elmodo.mx\/en\/wp-json\/wp\/v2\/media\/22633"}],"wp:attachment":[{"href":"https:\/\/elmodo.mx\/en\/wp-json\/wp\/v2\/media?parent=18182"}],"wp:term":[{"taxonomy":"category","embeddable":true,"href":"https:\/\/elmodo.mx\/en\/wp-json\/wp\/v2\/categories?post=18182"},{"taxonomy":"post_tag","embeddable":true,"href":"https:\/\/elmodo.mx\/en\/wp-json\/wp\/v2\/tags?post=18182"}],"curies":[{"name":"wp","href":"https:\/\/api.w.org\/{rel}","templated":true}]}}