{"id":18014,"date":"2019-05-07T11:00:12","date_gmt":"2019-05-07T16:00:12","guid":{"rendered":"https:\/\/elmodo.mx\/?p=18014"},"modified":"2019-11-18T16:53:27","modified_gmt":"2019-11-18T22:53:27","slug":"los-pigmentos-y-la-tradicion","status":"publish","type":"post","link":"https:\/\/elmodo.mx\/en\/el-modo-del-modo\/los-pigmentos-y-la-tradicion\/","title":{"rendered":"Los pigmentos y la tradici\u00f3n"},"content":{"rendered":"<div class=\"wpb-content-wrapper\"><p>[vc_row][vc_column width=&#8221;1\/2&#8243;][gsf_gallery layout_style=&#8221;thumbnail&#8221; image_size=&#8221;full&#8221; image_ratio=&#8221;custom&#8221; columns=&#8221;6&#8243; columns_md=&#8221;4&#8243; columns_sm=&#8221;3&#8243; columns_xs=&#8221;3&#8243; columns_mb=&#8221;3&#8243; el_class=&#8221;galeria-post&#8221; images=&#8221;25810,25794,25796,25798,25800,25802,25804,25806,25808&#8243;][\/vc_column][vc_column width=&#8221;1\/2&#8243;][vc_column_text]El \u00e9xito de la Exposici\u00f3n Nacional de Artes Populares de 1921 trajo consigo una revaloraci\u00f3n, simb\u00f3lica y comercial, de estilos y objetos asociados con lo primitivo. Gerardo Murillo, <em>Dr Atl<\/em> afirmaba en el pr\u00f3logo de la segunda edici\u00f3n del libro de la muestra lo siguiente: \u201cHoy muchas peque\u00f1as industrias han alcanzado un considerable desarrollo. Los fabricantes de loza en Tonal\u00e1 y en los valles de Teotihuac\u00e1n, de Puebla y de Oaxaca, han aumentado visiblemente sus entradas. Ellos me han afirmado que su situaci\u00f3n es hoy mucho mejor que hace un a\u00f1o\u201d. Y comentaba que la muestra hab\u00eda tra\u00eddo un nuevo estilo que inclu\u00eda ya, este arte nacional como herramienta de decoraci\u00f3n y bandera de distinci\u00f3n. \u201cHoy en d\u00eda las gentes de buen gusto arreglan sus casas, un sal\u00f3n, una biblioteca, un saloncito de fumar \u201cal estilo de la Exposici\u00f3n\u201d. As\u00ed, esta moda, oblig\u00f3 a revalorar no s\u00f3lo los objetos, sino que tambi\u00e9n ejerci\u00f3 una fuerte influencia para que se rescatara la tradici\u00f3n de los pigmentos naturales que, en M\u00e9xico, se utilizaban desde la era precolombina.<\/p>\r\n\r\n<p>Fue as\u00ed que una gama de colores extra\u00eddos de plantas, fibras y animales, se despleg\u00f3 y pronto comenzaron a ser utilizados en toda clase de objetos y obras, lo que otorg\u00f3 un nuevo abanico crom\u00e1tico m\u00e1s brillante y colorido.<img decoding=\"async\" class=\"wp-image-18056\" src=\"https:\/\/elmodo.mx\/wp-content\/uploads\/2019\/05\/b6-1-540x303.png\" alt=\"\" data-id=\"18056\" data-link=\"https:\/\/elmodo.mx\/?attachment_id=18056\" \/><\/p>\r\n\r\n<p>[\/vc_column_text][\/vc_column][\/vc_row]<\/p><\/div>","protected":false},"excerpt":{"rendered":"<p>El \u00e9xito de la Exposici\u00f3n Nacional de Artes Populares de 1921 trajo consigo una revaloraci\u00f3n, simb\u00f3lica y comercial, de estilos y objetos asociados con lo primitivo.<\/p>\n","protected":false},"author":2,"featured_media":22615,"comment_status":"open","ping_status":"open","sticky":false,"template":"","format":"standard","meta":{"inline_featured_image":false,"footnotes":""},"categories":[4],"tags":[],"class_list":["post-18014","post","type-post","status-publish","format-standard","has-post-thumbnail","hentry","category-el-modo-del-modo"],"_links":{"self":[{"href":"https:\/\/elmodo.mx\/en\/wp-json\/wp\/v2\/posts\/18014","targetHints":{"allow":["GET"]}}],"collection":[{"href":"https:\/\/elmodo.mx\/en\/wp-json\/wp\/v2\/posts"}],"about":[{"href":"https:\/\/elmodo.mx\/en\/wp-json\/wp\/v2\/types\/post"}],"author":[{"embeddable":true,"href":"https:\/\/elmodo.mx\/en\/wp-json\/wp\/v2\/users\/2"}],"replies":[{"embeddable":true,"href":"https:\/\/elmodo.mx\/en\/wp-json\/wp\/v2\/comments?post=18014"}],"version-history":[{"count":3,"href":"https:\/\/elmodo.mx\/en\/wp-json\/wp\/v2\/posts\/18014\/revisions"}],"predecessor-version":[{"id":25812,"href":"https:\/\/elmodo.mx\/en\/wp-json\/wp\/v2\/posts\/18014\/revisions\/25812"}],"wp:featuredmedia":[{"embeddable":true,"href":"https:\/\/elmodo.mx\/en\/wp-json\/wp\/v2\/media\/22615"}],"wp:attachment":[{"href":"https:\/\/elmodo.mx\/en\/wp-json\/wp\/v2\/media?parent=18014"}],"wp:term":[{"taxonomy":"category","embeddable":true,"href":"https:\/\/elmodo.mx\/en\/wp-json\/wp\/v2\/categories?post=18014"},{"taxonomy":"post_tag","embeddable":true,"href":"https:\/\/elmodo.mx\/en\/wp-json\/wp\/v2\/tags?post=18014"}],"curies":[{"name":"wp","href":"https:\/\/api.w.org\/{rel}","templated":true}]}}