{"id":17853,"date":"2019-04-30T11:25:46","date_gmt":"2019-04-30T16:25:46","guid":{"rendered":"https:\/\/elmodo.mx\/?p=17853"},"modified":"2019-11-18T17:00:45","modified_gmt":"2019-11-18T23:00:45","slug":"el-arte-popular-el-genesis-de-una-identidad-a-partir-del-color","status":"publish","type":"post","link":"https:\/\/elmodo.mx\/en\/el-modo-del-modo\/el-arte-popular-el-genesis-de-una-identidad-a-partir-del-color\/","title":{"rendered":"El arte popular, el g\u00e9nesis de una identidad a partir del color"},"content":{"rendered":"<div class=\"wpb-content-wrapper\"><p>[vc_row][vc_column width=&#8221;1\/2&#8243;][gsf_gallery layout_style=&#8221;thumbnail&#8221; image_size=&#8221;full&#8221; image_ratio=&#8221;custom&#8221; columns=&#8221;6&#8243; columns_md=&#8221;4&#8243; columns_sm=&#8221;3&#8243; columns_xs=&#8221;3&#8243; columns_mb=&#8221;3&#8243; el_class=&#8221;galeria-post&#8221; images=&#8221;25827,25829,25831,25833,25835,25837&#8243;][\/vc_column][vc_column width=&#8221;1\/2&#8243;][vc_column_text]En 1921, con motivo del centenario de la Independencia, se promovi\u00f3 la organizaci\u00f3n de una muestra dedicada al arte popular nacional, en cuya gesti\u00f3n participaron los artistas Adolfo Best Maugard, Roberto Montenegro y Jorge Enciso. A Gerardo Murillo Dr. Atl, se le encarg\u00f3 una suerte de cat\u00e1logo de la muestra. El volumen, adem\u00e1s de las reproducciones de las piezas exhibidas, inclu\u00eda algunos textos que reflexionaban sobre la condici\u00f3n de las artes ind\u00edgenas en aquel momento y sus alcances. <em>La exposici\u00f3n Nacional de Artes Populares<\/em> fue la primera en su tipo y adem\u00e1s una iniciativa del Estado, y el hecho de que estuviera apoyada por el Secretario de Hacienda y financiada por la Secretar\u00eda del Trabajo, Industria y Comercio le otorgaba diversos significados entre los que podemos leer que el arte popular -que en la exposici\u00f3n no se limitaba a artesan\u00edas decorativas sino que inclu\u00eda, mobiliario y enseres dom\u00e9sticos- era considerado, adem\u00e1s de una expresi\u00f3n cultural, un posible polo de desarrollo del comercio y la peque\u00f1a industria.<\/p>\r\n\r\n<p>Las piezas seleccionadas por los artistas contrastaban por sus intensos colores y buscaban rescatar las caracter\u00edsticas y tradiciones ind\u00edgenas sumando al discurso de aquel momento que buscaba crear una verdadera identidad nacional. Tanto el Dr. Atl como los artistas organizadores reconocieron que el \u00e9xito de la exposici\u00f3n se dio en distintos niveles: logr\u00f3 un reforzamiento de la identidad, una definici\u00f3n de \u201clo nacional\u201d y la premonici\u00f3n de que la llegada del desarrollo a nuestro pa\u00eds era inminente. El color se sumaba a todos estos beneficios y a partir de entonces se hizo presente no s\u00f3lo en las artes populares o en las piezas de decoraci\u00f3n de factura ind\u00edgena o tradicional, sino que fue un referente para que artistas pl\u00e1sticos integraran a sus repertorios iconogr\u00e1ficos un vocabulario de color cuya paleta distinguiera su trabajo.<\/p>\r\n\r\n<p>&nbsp;<\/p>\r\n\r\n<figure class=\"wp-block-gallery-1 is-layout-flex wp-block-gallery-is-layout-flex\"><img decoding=\"async\" class=\"wp-image-17866\" src=\"https:\/\/elmodo.mx\/wp-content\/uploads\/2019\/04\/DSC5367-1-540x308.jpg\" alt=\"\" data-id=\"17866\" data-link=\"https:\/\/elmodo.mx\/?attachment_id=17866\" \/><\/figure>\r\n<p>[\/vc_column_text][\/vc_column][\/vc_row]<\/p><\/div>","protected":false},"excerpt":{"rendered":"<p>En 1921, con motivo del centenario de la Independencia, se promovi\u00f3 la organizaci\u00f3n de una muestra dedicada al arte popular nacional, en cuya gesti\u00f3n participaron los artistas Adolfo Best Maugard, Roberto Montenegro y Jorge Enciso.<\/p>\n","protected":false},"author":2,"featured_media":22505,"comment_status":"open","ping_status":"open","sticky":false,"template":"","format":"standard","meta":{"inline_featured_image":false,"footnotes":""},"categories":[4],"tags":[1981,1983,296,2044,2045,490,298,2046,50,2047,36,2048,537],"class_list":["post-17853","post","type-post","status-publish","format-standard","has-post-thumbnail","hentry","category-el-modo-del-modo","tag-artistas","tag-color","tag-arte","tag-artepopular","tag-artesanias","tag-colores","tag-cultura","tag-culturamexicana","tag-exposicion","tag-indigenas","tag-mexico","tag-nacional","tag-tradiciones"],"_links":{"self":[{"href":"https:\/\/elmodo.mx\/en\/wp-json\/wp\/v2\/posts\/17853","targetHints":{"allow":["GET"]}}],"collection":[{"href":"https:\/\/elmodo.mx\/en\/wp-json\/wp\/v2\/posts"}],"about":[{"href":"https:\/\/elmodo.mx\/en\/wp-json\/wp\/v2\/types\/post"}],"author":[{"embeddable":true,"href":"https:\/\/elmodo.mx\/en\/wp-json\/wp\/v2\/users\/2"}],"replies":[{"embeddable":true,"href":"https:\/\/elmodo.mx\/en\/wp-json\/wp\/v2\/comments?post=17853"}],"version-history":[{"count":3,"href":"https:\/\/elmodo.mx\/en\/wp-json\/wp\/v2\/posts\/17853\/revisions"}],"predecessor-version":[{"id":25839,"href":"https:\/\/elmodo.mx\/en\/wp-json\/wp\/v2\/posts\/17853\/revisions\/25839"}],"wp:featuredmedia":[{"embeddable":true,"href":"https:\/\/elmodo.mx\/en\/wp-json\/wp\/v2\/media\/22505"}],"wp:attachment":[{"href":"https:\/\/elmodo.mx\/en\/wp-json\/wp\/v2\/media?parent=17853"}],"wp:term":[{"taxonomy":"category","embeddable":true,"href":"https:\/\/elmodo.mx\/en\/wp-json\/wp\/v2\/categories?post=17853"},{"taxonomy":"post_tag","embeddable":true,"href":"https:\/\/elmodo.mx\/en\/wp-json\/wp\/v2\/tags?post=17853"}],"curies":[{"name":"wp","href":"https:\/\/api.w.org\/{rel}","templated":true}]}}