{"id":15667,"date":"2019-02-11T14:27:59","date_gmt":"2019-02-11T20:27:59","guid":{"rendered":"https:\/\/elmodo.mx\/?p=15667"},"modified":"2021-11-06T21:37:33","modified_gmt":"2021-11-07T03:37:33","slug":"diseno-de-ayer-noticia","status":"publish","type":"post","link":"https:\/\/elmodo.mx\/en\/el-modo-del-modo\/diseno-de-ayer-noticia\/","title":{"rendered":"Dise\u00f1o de ayer"},"content":{"rendered":"<div class=\"wpb-content-wrapper\"><p>[vc_row][vc_column width=&#8221;1\/2&#8243;][gsf_gallery layout_style=&#8221;thumbnail&#8221; image_size=&#8221;full&#8221; image_ratio=&#8221;custom&#8221; columns=&#8221;6&#8243; columns_md=&#8221;4&#8243; columns_sm=&#8221;3&#8243; columns_xs=&#8221;3&#8243; columns_mb=&#8221;3&#8243; el_class=&#8221;galeria-post&#8221; images=&#8221;26215,26217,26219,26221,26223,26225,26227&#8243;][\/vc_column][vc_column width=&#8221;1\/2&#8243;][vc_column_text]Para revisar el dise\u00f1o del presente se consider\u00f3 fundamental tomar como punto de partida algunos de los objetos hist\u00f3ricos que resguarda y caracteriza la vocaci\u00f3n del MODO. Esta primera constelaci\u00f3n se desprende del acervo que dio origen al Museo y contiene objetos producidos en el siglo XX que ilustran, desde otros tiempos, los ejes tem\u00e1ticos y \u00e1mbitos abordados en el resto de las salas: desde el uso personal hasta elementos de dise\u00f1o del espacio urbano.<\/p>\r\n<p>\r\n\r\nEl MODO promueve a trav\u00e9s de sus exposiciones el conocimiento, di\u00e1logo y reflexi\u00f3n en torno a su acervo el cual funciona como registro vivo de la evoluci\u00f3n del dise\u00f1o industrial y gr\u00e1fico en los \u00faltimos doscientos a\u00f1os. En esta ocasi\u00f3n los objetos hist\u00f3ricos encuentran un eco en los proyectos de producci\u00f3n contempor\u00e1nea. Es decir que los dise\u00f1os del pasado y del presente nos narran de manera paralela, en dos temporalidades, parte de la vida cotidiana, tendencias est\u00e9ticas, formas de pensar, estilos de vida y la forma de comunicarnos.<img decoding=\"async\" class=\"wp-image-15680\" src=\"https:\/\/elmodo.mx\/wp-content\/uploads\/2019\/02\/SAM_1008-540x360.jpg\" alt=\"\" data-id=\"15680\" data-link=\"https:\/\/elmodo.mx\/?attachment_id=15680\" \/><\/p>\r\n<p>\r\n\r\n[\/vc_column_text][\/vc_column][\/vc_row]<\/p><\/div>","protected":false},"excerpt":{"rendered":"<p>Para revisar el dise\u00f1o del presente se consider\u00f3 fundamental tomar como punto de partida algunos de los objetos hist\u00f3ricos que resguarda y caracteriza la vocaci\u00f3n del MODO.<\/p>\n","protected":false},"author":2,"featured_media":22553,"comment_status":"open","ping_status":"open","sticky":false,"template":"","format":"standard","meta":{"inline_featured_image":false,"footnotes":""},"categories":[4],"tags":[],"class_list":["post-15667","post","type-post","status-publish","format-standard","has-post-thumbnail","hentry","category-el-modo-del-modo"],"_links":{"self":[{"href":"https:\/\/elmodo.mx\/en\/wp-json\/wp\/v2\/posts\/15667","targetHints":{"allow":["GET"]}}],"collection":[{"href":"https:\/\/elmodo.mx\/en\/wp-json\/wp\/v2\/posts"}],"about":[{"href":"https:\/\/elmodo.mx\/en\/wp-json\/wp\/v2\/types\/post"}],"author":[{"embeddable":true,"href":"https:\/\/elmodo.mx\/en\/wp-json\/wp\/v2\/users\/2"}],"replies":[{"embeddable":true,"href":"https:\/\/elmodo.mx\/en\/wp-json\/wp\/v2\/comments?post=15667"}],"version-history":[{"count":4,"href":"https:\/\/elmodo.mx\/en\/wp-json\/wp\/v2\/posts\/15667\/revisions"}],"predecessor-version":[{"id":26229,"href":"https:\/\/elmodo.mx\/en\/wp-json\/wp\/v2\/posts\/15667\/revisions\/26229"}],"wp:featuredmedia":[{"embeddable":true,"href":"https:\/\/elmodo.mx\/en\/wp-json\/wp\/v2\/media\/22553"}],"wp:attachment":[{"href":"https:\/\/elmodo.mx\/en\/wp-json\/wp\/v2\/media?parent=15667"}],"wp:term":[{"taxonomy":"category","embeddable":true,"href":"https:\/\/elmodo.mx\/en\/wp-json\/wp\/v2\/categories?post=15667"},{"taxonomy":"post_tag","embeddable":true,"href":"https:\/\/elmodo.mx\/en\/wp-json\/wp\/v2\/tags?post=15667"}],"curies":[{"name":"wp","href":"https:\/\/api.w.org\/{rel}","templated":true}]}}