{"id":10986,"date":"2018-05-28T11:04:35","date_gmt":"2018-05-28T16:04:35","guid":{"rendered":"https:\/\/elmodo.mx\/?p=10986"},"modified":"2021-11-06T21:51:16","modified_gmt":"2021-11-07T03:51:16","slug":"los-movimientos-sociales-noticia","status":"publish","type":"post","link":"https:\/\/elmodo.mx\/en\/el-modo-del-modo\/los-movimientos-sociales-noticia\/","title":{"rendered":"Los movimientos sociales"},"content":{"rendered":"<div class=\"wpb-content-wrapper\">[vc_row][vc_column width=&#8221;1\/2&#8243;][gsf_gallery layout_style=&#8221;thumbnail&#8221; image_size=&#8221;full&#8221; image_ratio=&#8221;custom&#8221; columns=&#8221;6&#8243; columns_md=&#8221;4&#8243; columns_sm=&#8221;3&#8243; columns_xs=&#8221;3&#8243; columns_mb=&#8221;3&#8243; el_class=&#8221;galeria-post&#8221; images=&#8221;26851,26853,26855&#8243;][\/vc_column][vc_column width=&#8221;1\/2&#8243;][vc_column_text]La transformaci\u00f3n pol\u00edtica de M\u00e9xico en los \u00faltimos cincuenta a\u00f1os ha sido, en gran medida, \u00a0resultado de innumerables movimientos sociales que, desde el Movimiento estudiantil de 1968, han planteado sus deman- das en calles, marchas y plantones.<\/p>\n<p>Tras nuestra democracia imperfecta est\u00e1n \u00a0las insurgencias obreras y campesinas de los a\u00f1os setenta; las mujeres y los hombres que se autoor- ganizan \u00a0para atender a las v\u00edctimas de desastres naturales como los sis- mos de 1985 y 2017, las demandas del feminismo, el zapatismo ind\u00edgena, el ecologismo protector de nuestro medio ambiente y nuestro territorio; la exigencia de reconocimiento del derecho a la diversidad sexual, el gri- to de los j\u00f3venes: \u201cYo soy 132\u201d, los movimientos de derechos humanos, las organizaciones de familiares, como los padres y madres de los 43 des- aparecidos de la normal de Ayotzinapa; las amas de casa y los j\u00f3venes que salen a la calle para exigir el cese a la violencia, la mujeres que apremian \u201cNi una m\u00e1s\u201d, las y los periodistas que demandan justicia para sus cole- gas asesinados: una sociedad que clama y reclama.[\/vc_column_text][\/vc_column][\/vc_row]<\/p><\/div>\n","protected":false},"excerpt":{"rendered":"<p>La transformaci\u00f3n pol\u00edtica de M\u00e9xico en los \u00faltimos cincuenta a\u00f1os ha sido, en gran medida, \u00a0resultado de innumerables movimientos sociales.<\/p>\n","protected":false},"author":2,"featured_media":23083,"comment_status":"open","ping_status":"open","sticky":false,"template":"","format":"standard","meta":{"inline_featured_image":false,"footnotes":""},"categories":[4],"tags":[1774,1775,50,36,57,1776,6,1777,1778,1779,1780],"class_list":["post-10986","post","type-post","status-publish","format-standard","has-post-thumbnail","hentry","category-el-modo-del-modo","tag-ayotzinapa","tag-derechos","tag-exposicion","tag-mexico","tag-modo","tag-movimientos-sociales","tag-museo","tag-ni-una-mas","tag-sociedad","tag-transformacion-politica","tag-yo-soy-132"],"_links":{"self":[{"href":"https:\/\/elmodo.mx\/en\/wp-json\/wp\/v2\/posts\/10986","targetHints":{"allow":["GET"]}}],"collection":[{"href":"https:\/\/elmodo.mx\/en\/wp-json\/wp\/v2\/posts"}],"about":[{"href":"https:\/\/elmodo.mx\/en\/wp-json\/wp\/v2\/types\/post"}],"author":[{"embeddable":true,"href":"https:\/\/elmodo.mx\/en\/wp-json\/wp\/v2\/users\/2"}],"replies":[{"embeddable":true,"href":"https:\/\/elmodo.mx\/en\/wp-json\/wp\/v2\/comments?post=10986"}],"version-history":[{"count":3,"href":"https:\/\/elmodo.mx\/en\/wp-json\/wp\/v2\/posts\/10986\/revisions"}],"predecessor-version":[{"id":26857,"href":"https:\/\/elmodo.mx\/en\/wp-json\/wp\/v2\/posts\/10986\/revisions\/26857"}],"wp:featuredmedia":[{"embeddable":true,"href":"https:\/\/elmodo.mx\/en\/wp-json\/wp\/v2\/media\/23083"}],"wp:attachment":[{"href":"https:\/\/elmodo.mx\/en\/wp-json\/wp\/v2\/media?parent=10986"}],"wp:term":[{"taxonomy":"category","embeddable":true,"href":"https:\/\/elmodo.mx\/en\/wp-json\/wp\/v2\/categories?post=10986"},{"taxonomy":"post_tag","embeddable":true,"href":"https:\/\/elmodo.mx\/en\/wp-json\/wp\/v2\/tags?post=10986"}],"curies":[{"name":"wp","href":"https:\/\/api.w.org\/{rel}","templated":true}]}}